
{"id":238596,"date":"2024-02-09T19:31:32","date_gmt":"2024-02-09T22:31:32","guid":{"rendered":"https:\/\/portalbacana.com.br\/index.php\/2024\/02\/09\/lula-e-arthur-lira-se-reunem-para-tratar-da-relacao-entre-poderes\/"},"modified":"2024-02-09T19:31:32","modified_gmt":"2024-02-09T22:31:32","slug":"lula-e-arthur-lira-se-reunem-para-tratar-da-relacao-entre-poderes","status":"publish","type":"post","link":"https:\/\/portalbacana.com.br\/index.php\/2024\/02\/09\/lula-e-arthur-lira-se-reunem-para-tratar-da-relacao-entre-poderes\/","title":{"rendered":"Lula e Arthur Lira se re\u00fanem para tratar da rela\u00e7\u00e3o entre poderes"},"content":{"rendered":"\n<p>Foto: Marcelo Camargo\/Ag\u00eancia Brasil<\/p>\n\n\n\n<p>O presidente Luiz In\u00e1cio Lula da Silva e o presidente da C\u00e2mara dos Deputados, Arthur Lira (PP-AL), se reuniram a s\u00f3s, na manh\u00e3 desta sexta-feira (9), no Pal\u00e1cio da Alvorada, em Bras\u00edlia. O encontro ocorreu no contexto de uma animosidade do presidente da C\u00e2mara com integrantes do governo federal, o que poderia impactar o andamento da agenda de interesse do governo no Congresso Nacional. Ap\u00f3s o encontro, o ministro da Secretaria de Rela\u00e7\u00f5es Institucionais, Alexandre Padilha, disse a jornalistas que a reuni\u00e3o entre os chefes de poderes surtiu efeito.<\/p>\n\n\n\n<p>&#8220;O presidente Lula nos relatou que a reuni\u00e3o foi muito positiva&#8221;, disse o ministro, que n\u00e3o participou do encontro. Padilha \u00e9 tido como principal alvo das queixas de Lira por conta de acordos pol\u00edticos que n\u00e3o estariam sendo cumpridos.<\/p>\n\n\n\n<p>Em discurso na abertura do ano legislativo, esta semana, Arthur Lira afirmou que n\u00e3o ficar\u00e1 inerte este ano em raz\u00e3o das elei\u00e7\u00f5es municipais e supostas disputas pol\u00edticas entre os poderes. Lira cobrou ainda que o governo federal cumpra acordos firmados com os deputados federais como contrapartida \u00e0 aprova\u00e7\u00e3o de pautas consideradas priorit\u00e1rias. O discurso foi lido como recado cr\u00edtico sobre a rela\u00e7\u00e3o pol\u00edtica com o Poder Executivo.<\/p>\n\n\n\n<p>Apesar disso, Padilha demonstrou otimismo ap\u00f3s a conversa entre Lula e Lira. &#8220;Teremos um ambiente positivo tanto no Senado quanto na C\u00e2mara&#8221;, assegurou.<\/p>\n\n\n\n<p>Segundo ele, a pauta priorit\u00e1ria do governo no Congresso \u00e9 a regulamenta\u00e7\u00e3o da reforma tribut\u00e1ria e o equil\u00edbrio das contas p\u00fablicas. Al\u00e9m disso, Padilha disse que temas como amplia\u00e7\u00e3o de cr\u00e9dito para micro e pequenas empresas, investimento em log\u00edstica, transi\u00e7\u00e3o ecol\u00f3gica e a mudan\u00e7a no Novo Ensino M\u00e9dio tamb\u00e9m ser\u00e3o destaques.<\/p>\n\n\n\n<p>O ministro da articula\u00e7\u00e3o pol\u00edtica do governo federal evitou comentar sobre sua rela\u00e7\u00e3o com Lira e reafirmou o papel de di\u00e1logo institucional que os poderes devem ter.<\/p>\n\n\n\n<p>&#8220;A quest\u00e3o central \u00e9 o governo tem di\u00e1logo, o governo nunca rompeu qualquer di\u00e1logo e nunca romper\u00e1&#8221;, disse.<\/p>\n\n\n\n<h2 class=\"wp-block-heading\">Reuni\u00e3o com l\u00edderes<\/h2>\n\n\n\n<p>Padilha deu entrevista ao lado do l\u00edder do governo na C\u00e2mara, deputado Jos\u00e9 Guimar\u00e3es (PT-CE), e anunciou que o presidente Lula se reunir\u00e1 com todos os l\u00edderes da base de governo\u00a0ap\u00f3s retornar de uma viagem internacional\u00a0que far\u00e1 na pr\u00f3xima semana para o Egito e Eti\u00f3pia, para seguir estreitando la\u00e7os com o continente africano.<\/p>\n\n\n\n<p><a href=\"https:\/\/agenciabrasil.ebc.com.br\/politica\/noticia\/2024-02\/lula-e-arthur-lira-se-reunem-para-tratar-da-relacao-entre-poderes#\">Por Ag\u00eancia Brasil<\/a><\/p>\n","protected":false},"excerpt":{"rendered":"<p>Foto: Marcelo Camargo\/Ag\u00eancia Brasil O presidente Luiz In\u00e1cio Lula da Silva e o presidente da C\u00e2mara dos Deputados, Arthur Lira (PP-AL), se reuniram a s\u00f3s, na manh\u00e3 desta sexta-feira (9), no Pal\u00e1cio da Alvorada, em Bras\u00edlia. O encontro ocorreu no contexto de uma animosidade do presidente da C\u00e2mara com integrantes do governo federal, o que [&#8230;]\n","protected":false},"author":1,"featured_media":238597,"comment_status":"closed","ping_status":"closed","sticky":false,"template":"","format":"standard","meta":{"footnotes":""},"categories":[28],"tags":[],"_links":{"self":[{"href":"https:\/\/portalbacana.com.br\/index.php\/wp-json\/wp\/v2\/posts\/238596"}],"collection":[{"href":"https:\/\/portalbacana.com.br\/index.php\/wp-json\/wp\/v2\/posts"}],"about":[{"href":"https:\/\/portalbacana.com.br\/index.php\/wp-json\/wp\/v2\/types\/post"}],"author":[{"embeddable":true,"href":"https:\/\/portalbacana.com.br\/index.php\/wp-json\/wp\/v2\/users\/1"}],"replies":[{"embeddable":true,"href":"https:\/\/portalbacana.com.br\/index.php\/wp-json\/wp\/v2\/comments?post=238596"}],"version-history":[{"count":0,"href":"https:\/\/portalbacana.com.br\/index.php\/wp-json\/wp\/v2\/posts\/238596\/revisions"}],"wp:featuredmedia":[{"embeddable":true,"href":"https:\/\/portalbacana.com.br\/index.php\/wp-json\/wp\/v2\/media\/238597"}],"wp:attachment":[{"href":"https:\/\/portalbacana.com.br\/index.php\/wp-json\/wp\/v2\/media?parent=238596"}],"wp:term":[{"taxonomy":"category","embeddable":true,"href":"https:\/\/portalbacana.com.br\/index.php\/wp-json\/wp\/v2\/categories?post=238596"},{"taxonomy":"post_tag","embeddable":true,"href":"https:\/\/portalbacana.com.br\/index.php\/wp-json\/wp\/v2\/tags?post=238596"}],"curies":[{"name":"wp","href":"https:\/\/api.w.org\/{rel}","templated":true}]}}