
{"id":238591,"date":"2024-02-09T19:01:13","date_gmt":"2024-02-09T22:01:13","guid":{"rendered":"https:\/\/portalbacana.com.br\/index.php\/2024\/02\/09\/anvisa-alerta-sobre-produtos-nao-regularizados-para-fins-cosmeticos\/"},"modified":"2024-02-09T19:01:13","modified_gmt":"2024-02-09T22:01:13","slug":"anvisa-alerta-sobre-produtos-nao-regularizados-para-fins-cosmeticos","status":"publish","type":"post","link":"https:\/\/portalbacana.com.br\/index.php\/2024\/02\/09\/anvisa-alerta-sobre-produtos-nao-regularizados-para-fins-cosmeticos\/","title":{"rendered":"Anvisa alerta sobre produtos n\u00e3o regularizados para fins cosm\u00e9ticos"},"content":{"rendered":"\n<p>Foto: Pixabay<\/p>\n\n\n\n<p>C\u00edlios posti\u00e7os e unhas artificiais marcam presen\u00e7a nos&nbsp;<em>looks<\/em>&nbsp;da moda, sobretudo, em temporada de pr\u00e9-carnaval e carnaval. Por\u00e9m, o uso incorreto de cola para fixar esses itens pode colocar em risco a sa\u00fade de olhos e peles dos usu\u00e1rios.<img decoding=\"async\" src=\"https:\/\/portalbacana.com.br\/wp-content\/uploads\/2024\/02\/ebc.png\"><img decoding=\"async\" src=\"https:\/\/portalbacana.com.br\/wp-content\/uploads\/2024\/02\/ebc.png\"><\/p>\n\n\n\n<p>A Ag\u00eancia Nacional de Vigil\u00e2ncia Sanit\u00e1ria (Anvisa) emitiu&nbsp;<a href=\"https:\/\/antigo.anvisa.gov.br\/informacoes-tecnicas13?p_p_id=101_INSTANCE_R6VaZWsQDDzS&amp;p_p_col_id=column-1&amp;p_p_col_pos=1&amp;p_p_col_count=2&amp;_101_INSTANCE_R6VaZWsQDDzS_groupId=33868&amp;_101_INSTANCE_R6VaZWsQDDzS_urlTitle=perigos-do-uso-indevido-de-colas-instantaneas-nao-regularizadas-como-cosmeticos-para-fins-de-embelezamento-&amp;_101_INSTANCE_R6VaZWsQDDzS_struts_action=%2Fasset_publisher%2Fview_content&amp;_101_INSTANCE_R6VaZWsQDDzS_assetEntryId=6714845&amp;_101_INSTANCE_R6VaZWsQDDzS_type=content\" target=\"_blank\" rel=\"noreferrer noopener\">alerta de seguran\u00e7a (GGMON 01\/2024)<\/a>&nbsp;destacando perigos relacionados ao uso indevido de colas do tipo instant\u00e2neas &#8211; n\u00e3o regularizadas &#8211; como cosm\u00e9ticos, em procedimentos de beleza e aplica\u00e7\u00e3o de &nbsp;c\u00edlios posti\u00e7os.<\/p>\n\n\n\n<p>O alerta foi motivado por relatos feitos pela Vigil\u00e2ncias Sanit\u00e1rias locais \u00e0 Anvisa sobre rea\u00e7\u00f5es al\u00e9rgicas e irrita\u00e7\u00e3o ocular associadas ao uso indevido de colas instant\u00e2neas para fixar c\u00edlios e unhas posti\u00e7as.<\/p>\n\n\n\n<p>Este \u00e9 o primeiro alerta deste tipo emitido pelo \u00f3rg\u00e3o de regula\u00e7\u00e3o. \u201cAten\u00e7\u00e3o! O uso desses produtos pode causar danos graves \u00e0 sa\u00fade, incluindo cegueira, uma vez que n\u00e3o s\u00e3o testados para contato com pele, unhas ou olhos\u201d, informa o texto da Anvisa.<\/p>\n\n\n\n<p>A orienta\u00e7\u00e3o da ag\u00eancia serve tanto para consumidores, como para profissionais do segmento de beleza. \u201c\u00c9 de extrema import\u00e2ncia que consumidores de produtos cosm\u00e9ticos e profissionais de sal\u00f5es de beleza e de cl\u00ednicas de est\u00e9tica n\u00e3o fa\u00e7am uso desse tipo de cola instant\u00e2nea para fins de embelezamento, visando prevenir riscos graves \u00e0 sa\u00fade, incluindo danos permanentes \u00e0 vis\u00e3o\u201d, comunica o alerta da Anvisa.<\/p>\n\n\n\n<p>Segundo a Anvisa, os produtos mais citados nas notifica\u00e7\u00f5es que, originalmente, s\u00e3o destinados a aplica\u00e7\u00f5es n\u00e3o cosm\u00e9ticas, s\u00e3o: Cola Instant\u00e2nea Super Bonder, Adesivo Instant\u00e2neo 793-TekBond e Adesivo Instant\u00e2neo em&nbsp;<em>Gel Three Bonde Super Gel<\/em>.<\/p>\n\n\n\n<p>A institui\u00e7\u00e3o afirma que os produtos mencionados e similares de alta fixa\u00e7\u00e3o s\u00e3o destinados a aplica\u00e7\u00f5es espec\u00edficas e n\u00e3o devem ser utilizados para fins est\u00e9ticos ou de embelezamento. \u201cN\u00e3o arrisque sua sa\u00fade usando colas instant\u00e2neas n\u00e3o regularizadas como cosm\u00e9ticos\u201d, informa a Anvisa.<\/p>\n\n\n\n<h2 class=\"wp-block-heading\">Recomenda\u00e7\u00f5es<\/h2>\n\n\n\n<p>A ag\u00eancia recomenda a imediata suspens\u00e3o do uso desses produtos e incentiva que profissionais e consumidores apliquem apenas produtos cosm\u00e9ticos regulamentados pela Anvisa.<\/p>\n\n\n\n<p>Em caso de complica\u00e7\u00f5es indesejadas decorrentes do uso dessas colas instant\u00e2neas extra fortes, os consumidores devem procurar assist\u00eancia de um profissional de sa\u00fade.<\/p>\n\n\n\n<p>Os problemas devem ser comunicados \u00e0 Vigil\u00e2ncia Sanit\u00e1ria local, do munic\u00edpio ou do estado, para a devida investiga\u00e7\u00e3o. A Anvisa tamb\u00e9m deve ser notificada. \u201cA colabora\u00e7\u00e3o ativa de todos \u00e9 fundamental para diminuir os riscos e garantir a seguran\u00e7a da popula\u00e7\u00e3o\u201d, avalia a ag\u00eancia.<\/p>\n\n\n\n<h2 class=\"wp-block-heading\">Notifica\u00e7\u00f5es<\/h2>\n\n\n\n<p>Qualquer cidad\u00e3o com Cadastro de Pessoas F\u00edsicas (CPF) pode fazer uma reclama\u00e7\u00e3o, seja em seu pr\u00f3prio nome ou em nome de terceiros, \u00e0 Anvisa. Mas, \u00e9 preciso ter conta de acesso no portal gov.br do governo federal.<\/p>\n\n\n\n<p>O cidad\u00e3o deve registrar a notifica\u00e7\u00e3o\u00a0no sistema e-Notivisa e responder o formul\u00e1rio\u00a0online. O internauta precisa descrever as raz\u00f5es para a reclama\u00e7\u00e3o. O sistema encaminhar\u00e1 um e-mail ao fabricante ou distribuidor respons\u00e1vel pela comercializa\u00e7\u00e3o do produto para que possa analisar o problema.<\/p>\n\n\n\n<p>A Anvisa esclarece,&nbsp; ainda, que os dados pessoais do reclamante n\u00e3o s\u00e3o compartilhados com empresas. No caso de empresas e profissionais da sa\u00fade, a comunica\u00e7\u00e3o de agravos \u00e9 realizada em outro sistema, o\u202f<a href=\"https:\/\/notivisa.anvisa.gov.br\/frmLogin.asp\" target=\"_blank\" rel=\"noreferrer noopener\">Notivisa<\/a>, ap\u00f3s realiza\u00e7\u00e3o de cadastro necess\u00e1rio.<\/p>\n\n\n\n<p>As informa\u00e7\u00f5es ajudar\u00e3o a Anvisa a tomar medidas de prote\u00e7\u00e3o \u00e0 sa\u00fade coletiva.<\/p>\n\n\n\n<h2 class=\"wp-block-heading\">Regina Cas\u00e9<\/h2>\n\n\n\n<p>Na nota p\u00fablica sobre a emiss\u00e3o do alerta, a Anvisa relembrou incidente envolvendo a atriz Regina Cas\u00e9, que sofreu uma les\u00e3o qu\u00edmica na c\u00f3rnea, em dezembro de 2023, devido ao uso de uma cola de c\u00edlios posti\u00e7os.<\/p>\n\n\n\n<p>De acordo com\u00a0relato da artista\u00a0na pr\u00f3pria rede social, ela disse que um peda\u00e7o da cola aplicada ficou presa na c\u00f3rnea e resultou no ressecamento do olho, que parou de lubrificar. O m\u00e9dico que a atendeu classificou o caso como grave. \u201cTive um tro\u00e7o muito brabo no olho [&#8230;] Dois dias eu fiquei sem enxergar, tudo emba\u00e7ado. Lavava o olho, fazia tudo e n\u00e3o enxergava. Fiquei desesperada, foi um pesadelo\u201d, relatou a atriz.\u00a0<\/p>\n\n\n\n<p><a href=\"https:\/\/agenciabrasil.ebc.com.br\/saude\/noticia\/2024-02\/anvisa-alerta-sobre-produtos-nao-regularizados-para-fins-cosmeticos\">Por Ag\u00eancia Brasil<\/a><\/p>\n","protected":false},"excerpt":{"rendered":"<p>Foto: Pixabay C\u00edlios posti\u00e7os e unhas artificiais marcam presen\u00e7a nos&nbsp;looks&nbsp;da moda, sobretudo, em temporada de pr\u00e9-carnaval e carnaval. Por\u00e9m, o uso incorreto de cola para fixar esses itens pode colocar em risco a sa\u00fade de olhos e peles dos usu\u00e1rios. A Ag\u00eancia Nacional de Vigil\u00e2ncia Sanit\u00e1ria (Anvisa) emitiu&nbsp;alerta de seguran\u00e7a (GGMON 01\/2024)&nbsp;destacando perigos relacionados ao [&#8230;]\n","protected":false},"author":1,"featured_media":238592,"comment_status":"closed","ping_status":"closed","sticky":false,"template":"","format":"standard","meta":{"footnotes":""},"categories":[28],"tags":[],"_links":{"self":[{"href":"https:\/\/portalbacana.com.br\/index.php\/wp-json\/wp\/v2\/posts\/238591"}],"collection":[{"href":"https:\/\/portalbacana.com.br\/index.php\/wp-json\/wp\/v2\/posts"}],"about":[{"href":"https:\/\/portalbacana.com.br\/index.php\/wp-json\/wp\/v2\/types\/post"}],"author":[{"embeddable":true,"href":"https:\/\/portalbacana.com.br\/index.php\/wp-json\/wp\/v2\/users\/1"}],"replies":[{"embeddable":true,"href":"https:\/\/portalbacana.com.br\/index.php\/wp-json\/wp\/v2\/comments?post=238591"}],"version-history":[{"count":0,"href":"https:\/\/portalbacana.com.br\/index.php\/wp-json\/wp\/v2\/posts\/238591\/revisions"}],"wp:featuredmedia":[{"embeddable":true,"href":"https:\/\/portalbacana.com.br\/index.php\/wp-json\/wp\/v2\/media\/238592"}],"wp:attachment":[{"href":"https:\/\/portalbacana.com.br\/index.php\/wp-json\/wp\/v2\/media?parent=238591"}],"wp:term":[{"taxonomy":"category","embeddable":true,"href":"https:\/\/portalbacana.com.br\/index.php\/wp-json\/wp\/v2\/categories?post=238591"},{"taxonomy":"post_tag","embeddable":true,"href":"https:\/\/portalbacana.com.br\/index.php\/wp-json\/wp\/v2\/tags?post=238591"}],"curies":[{"name":"wp","href":"https:\/\/api.w.org\/{rel}","templated":true}]}}