
{"id":238584,"date":"2024-02-09T18:32:43","date_gmt":"2024-02-09T21:32:43","guid":{"rendered":"https:\/\/portalbacana.com.br\/index.php\/2024\/02\/09\/bolsonaro-reconhece-carater-eleitoreiro-da-pec-das-bondades-em-video\/"},"modified":"2024-02-09T18:32:43","modified_gmt":"2024-02-09T21:32:43","slug":"bolsonaro-reconhece-carater-eleitoreiro-da-pec-das-bondades-em-video","status":"publish","type":"post","link":"https:\/\/portalbacana.com.br\/index.php\/2024\/02\/09\/bolsonaro-reconhece-carater-eleitoreiro-da-pec-das-bondades-em-video\/","title":{"rendered":"Bolsonaro reconhece car\u00e1ter eleitoreiro da PEC das Bondades, em v\u00eddeo"},"content":{"rendered":"\n<p>Foto: Divulga\u00e7\u00e3o<\/p>\n\n\n\n<p>Em reuni\u00e3o com a equipe de governo no Pal\u00e1cio do Planalto, dois dias antes de a comiss\u00e3o especial da C\u00e2mara dos Deputados aprovar a Proposta de Emenda \u00e0 Constitui\u00e7\u00e3o (PEC) n\u00ba 15 &#8211; a chamada&nbsp;PEC das Bondades&nbsp;&#8211; o ent\u00e3o presidente Jair Bolsonaro admitiu o car\u00e1ter eleitoreiro da medida.<img decoding=\"async\" src=\"https:\/\/portalbacana.com.br\/wp-content\/uploads\/2024\/02\/ebc.png\"><img decoding=\"async\" src=\"https:\/\/portalbacana.com.br\/wp-content\/uploads\/2024\/02\/ebc.png\"><\/p>\n\n\n\n<p>\u201cA PEC das Bondades \u00e9 necess\u00e1ria. Apesar de n\u00e3o ter sido feita para a elei\u00e7\u00e3o, n\u00e3o tem como n\u00e3o ganharmos a simpatia da popula\u00e7\u00e3o\u201d, disse Bolsonaro ao abrir a reuni\u00e3o do dia 5 de julho de 2022, cujo registro em v\u00eddeo agora faz parte das investiga\u00e7\u00f5es sobre a tentativa de golpe de Estado e de aboli\u00e7\u00e3o violenta do estado democr\u00e1tico de direito.<\/p>\n\n\n\n<p>O v\u00eddeo \u00e9 uma das provas apresentadas pelo STF no \u00e2mbito da Opera\u00e7\u00e3o Tempus Veritatis, deflagrada na nessa quinta-feira (8) pela Pol\u00edcia Federal para investigar uma suposta organiza\u00e7\u00e3o criminosa cuja atua\u00e7\u00e3o teria resultado na tentativa malsucedida de golpe de Estado no 8 de janeiro de 2023.<\/p>\n\n\n\n<p>\u201cN\u00e3o tem como. Depois desta PEC da Bondade &#8211; a gente n\u00e3o est\u00e1 pensando nisso \u2013 termos 70% dos votos, mas vamos ter 49% dos votos\u201d, cravou Bolsonaro, criticando os institutos de pesquisa que, \u00e0quela altura, apontavam que o petista Luiz In\u00e1cio Lula da Silva liderava as pesquisas de inten\u00e7\u00e3o de voto.<\/p>\n\n\n\n<p>\u201cVemos que o [Instituto]&nbsp;DataFolha&nbsp;continua mantendo a posi\u00e7\u00e3o de 45% e, por vezes, falando que ele ganha no primeiro turno. Acho que ele ganha sim. As pesquisas est\u00e3o exatamente certas. De acordo com os n\u00fameros que est\u00e3o dentro dos computadores do TSE\u201d, comentou Bolsonaro, voltando a questionar a seguran\u00e7a das urnas eletr\u00f4nicas e o processo eleitoral brasileiro.<\/p>\n\n\n\n<h2 class=\"wp-block-heading\">Corrida presidencial<\/h2>\n\n\n\n<p>Na ocasi\u00e3o, o Datafolha apontava que Lula liderava a corrida presidencial, alcan\u00e7ando 41% das inten\u00e7\u00f5es de voto no primeiro turno, contra 23% de Bolsonaro. Em um segundo turno contra Bolsonaro, Lula levaria ampla vantagem, com uma margem de 55% a 32%.<\/p>\n\n\n\n<p>A reuni\u00e3o de governo aconteceu no dia 5 de julho, seis dias ap\u00f3s o Senado aprovar a PEC das Bondades. Dois dias depois, a comiss\u00e3o especial da C\u00e2mara dos Deputados aprovou o&nbsp;parecer de emenda constitucional. Os deputados aprovaram o texto-base da proposta<\/p>\n\n\n\n<p>Faltando cerca de 100 dias para as elei\u00e7\u00f5es, a PEC n\u00ba 15 autorizou o governo federal a decretar estado de emerg\u00eancia no pa\u00eds para, com isso, ampliar o pagamento de benef\u00edcios sociais at\u00e9 o fim ano de 2022.<\/p>\n\n\n\n<p>Cerca de R$ 41,25 bilh\u00f5es foram destinados \u00e0 expans\u00e3o do programa Aux\u00edlio Brasil e do vale-g\u00e1s de cozinha; ao refor\u00e7o do programa Alimenta Brasil e para custear o aux\u00edlio financeiro pago a caminhoneiros e taxistas.<\/p>\n\n\n\n<h2 class=\"wp-block-heading\">Confira a \u00edntegra do v\u00eddeo<\/h2>\n\n\n\n<figure class=\"wp-block-embed is-type-video is-provider-youtube wp-block-embed-youtube wp-embed-aspect-16-9 wp-has-aspect-ratio\"><div class=\"wp-block-embed__wrapper\">\n<iframe loading=\"lazy\" title=\"V\u00eddeo da reuni\u00e3o entre o ex-presidente Jair Bolsonaro e seus ministros, realizada em 05\/07\/2022\" width=\"1020\" height=\"574\" src=\"https:\/\/www.youtube.com\/embed\/GyHSGwWZnq0?feature=oembed\" frameborder=\"0\" allow=\"accelerometer; autoplay; clipboard-write; encrypted-media; gyroscope; picture-in-picture; web-share\" referrerpolicy=\"strict-origin-when-cross-origin\" allowfullscreen><\/iframe>\n<\/div><\/figure>\n\n\n\n<p><a href=\"https:\/\/agenciabrasil.ebc.com.br\/justica\/noticia\/2024-02\/bolsonaro-reconheceu-carater-eleitoreiro-da-pec-das-bondades#:~:text=Em%20reuni%C3%A3o%20com%20a%20equipe,PEC%20das%20Bondades%20%C3%A9%20necess%C3%A1ria.\">Por Ag\u00eancia Brasil<\/a><\/p>\n","protected":false},"excerpt":{"rendered":"<p>Foto: Divulga\u00e7\u00e3o Em reuni\u00e3o com a equipe de governo no Pal\u00e1cio do Planalto, dois dias antes de a comiss\u00e3o especial da C\u00e2mara dos Deputados aprovar a Proposta de Emenda \u00e0 Constitui\u00e7\u00e3o (PEC) n\u00ba 15 &#8211; a chamada&nbsp;PEC das Bondades&nbsp;&#8211; o ent\u00e3o presidente Jair Bolsonaro admitiu o car\u00e1ter eleitoreiro da medida. \u201cA PEC das Bondades \u00e9 [&#8230;]\n","protected":false},"author":1,"featured_media":238585,"comment_status":"closed","ping_status":"closed","sticky":false,"template":"","format":"standard","meta":{"footnotes":""},"categories":[28],"tags":[],"_links":{"self":[{"href":"https:\/\/portalbacana.com.br\/index.php\/wp-json\/wp\/v2\/posts\/238584"}],"collection":[{"href":"https:\/\/portalbacana.com.br\/index.php\/wp-json\/wp\/v2\/posts"}],"about":[{"href":"https:\/\/portalbacana.com.br\/index.php\/wp-json\/wp\/v2\/types\/post"}],"author":[{"embeddable":true,"href":"https:\/\/portalbacana.com.br\/index.php\/wp-json\/wp\/v2\/users\/1"}],"replies":[{"embeddable":true,"href":"https:\/\/portalbacana.com.br\/index.php\/wp-json\/wp\/v2\/comments?post=238584"}],"version-history":[{"count":0,"href":"https:\/\/portalbacana.com.br\/index.php\/wp-json\/wp\/v2\/posts\/238584\/revisions"}],"wp:featuredmedia":[{"embeddable":true,"href":"https:\/\/portalbacana.com.br\/index.php\/wp-json\/wp\/v2\/media\/238585"}],"wp:attachment":[{"href":"https:\/\/portalbacana.com.br\/index.php\/wp-json\/wp\/v2\/media?parent=238584"}],"wp:term":[{"taxonomy":"category","embeddable":true,"href":"https:\/\/portalbacana.com.br\/index.php\/wp-json\/wp\/v2\/categories?post=238584"},{"taxonomy":"post_tag","embeddable":true,"href":"https:\/\/portalbacana.com.br\/index.php\/wp-json\/wp\/v2\/tags?post=238584"}],"curies":[{"name":"wp","href":"https:\/\/api.w.org\/{rel}","templated":true}]}}