
{"id":238582,"date":"2024-02-09T18:29:10","date_gmt":"2024-02-09T21:29:10","guid":{"rendered":"https:\/\/portalbacana.com.br\/index.php\/2024\/02\/09\/governo-federal-vai-revisar-leis-que-tratam-do-setor-postal\/"},"modified":"2024-02-09T18:29:10","modified_gmt":"2024-02-09T21:29:10","slug":"governo-federal-vai-revisar-leis-que-tratam-do-setor-postal","status":"publish","type":"post","link":"https:\/\/portalbacana.com.br\/index.php\/2024\/02\/09\/governo-federal-vai-revisar-leis-que-tratam-do-setor-postal\/","title":{"rendered":"Governo federal vai revisar leis que tratam do setor postal"},"content":{"rendered":"\n<p>Foto: Jo\u00e9dson Alves\/Ag\u00eancia Brasil<\/p>\n\n\n\n<p>O Minist\u00e9rio das Comunica\u00e7\u00f5es criou um grupo de trabalho para revisar as leis que tratam do envio de correspond\u00eancias no Brasil. Segundo&nbsp;<a href=\"https:\/\/in.gov.br\/web\/dou\/-\/portaria-mcom-n-12.116-de-2-de-fevereiro-de-2024-542551845\" target=\"_blank\" rel=\"noreferrer noopener\">portaria publicada no&nbsp;<em>Di\u00e1rio Oficial da Uni\u00e3o<\/em><\/a>&nbsp;desta sexta-feira (9), o objetivo \u00e9 aperfei\u00e7oar o marco regulat\u00f3rio postal brasileiro.<img decoding=\"async\" src=\"https:\/\/portalbacana.com.br\/wp-content\/uploads\/2024\/02\/ebc.png\"><img decoding=\"async\" src=\"https:\/\/portalbacana.com.br\/wp-content\/uploads\/2024\/02\/ebc.png\"><\/p>\n\n\n\n<p>Mesmo que as cartas tenham\u00a0dado lugar \u00e0s encomendas nos servi\u00e7os postais brasileiros\u00a0e todo o setor esteja mudando com o surgimento de novas tecnologias, a legisla\u00e7\u00e3o que trata do assunto n\u00e3o tem acompanhado essas transforma\u00e7\u00f5es. Para levantar o que \u00e9 necess\u00e1rio ser mudado e elaborar estudos t\u00e9cnicos que subsidiem um novo marco legal, o Minist\u00e9rio das Comunica\u00e7\u00f5es criou o grupo multidisciplinar para funcionar por 180 dias.<\/p>\n\n\n\n<p>Ser\u00e3o dez titulares e o mesmo n\u00famero de suplentes indicados por diferentes setores da pasta. O grupo ser\u00e1 coordenado pela Secretaria-Executiva do minist\u00e9rio, mas ter\u00e1 como integrantes, em sua maioria, gestores e juristas da Empresa Brasileira de Correios e Tel\u00e9grafos (ECT).<\/p>\n\n\n\n<p>Representantes da sociedade civil, de outros \u00f3rg\u00e3os da administra\u00e7\u00e3o p\u00fablica, de organismos internacionais ou entidades privadas poder\u00e3o participar das reuni\u00f5es do grupo, mas sem direito a voto sobre os conte\u00fados debatidos.&nbsp;<\/p>\n\n\n\n<p>Ao final das atividades, que podem ainda ser prorrogadas caso haja necessidade, o grupo de trabalho vai elaborar um relat\u00f3rio final para encaminhamento \u00e0 Secretaria-Executiva do Minist\u00e9rio das Comunica\u00e7\u00f5es.<\/p>\n\n\n\n<p><a href=\"https:\/\/agenciabrasil.ebc.com.br\/geral\/noticia\/2024-02\/governo-federal-vai-revisar-leis-que-tratam-do-setor-postal\">Por Ag\u00eancia Brasil<\/a><\/p>\n","protected":false},"excerpt":{"rendered":"<p>Foto: Jo\u00e9dson Alves\/Ag\u00eancia Brasil O Minist\u00e9rio das Comunica\u00e7\u00f5es criou um grupo de trabalho para revisar as leis que tratam do envio de correspond\u00eancias no Brasil. Segundo&nbsp;portaria publicada no&nbsp;Di\u00e1rio Oficial da Uni\u00e3o&nbsp;desta sexta-feira (9), o objetivo \u00e9 aperfei\u00e7oar o marco regulat\u00f3rio postal brasileiro. Mesmo que as cartas tenham\u00a0dado lugar \u00e0s encomendas nos servi\u00e7os postais brasileiros\u00a0e todo [&#8230;]\n","protected":false},"author":1,"featured_media":238583,"comment_status":"closed","ping_status":"closed","sticky":false,"template":"","format":"standard","meta":{"footnotes":""},"categories":[28],"tags":[],"_links":{"self":[{"href":"https:\/\/portalbacana.com.br\/index.php\/wp-json\/wp\/v2\/posts\/238582"}],"collection":[{"href":"https:\/\/portalbacana.com.br\/index.php\/wp-json\/wp\/v2\/posts"}],"about":[{"href":"https:\/\/portalbacana.com.br\/index.php\/wp-json\/wp\/v2\/types\/post"}],"author":[{"embeddable":true,"href":"https:\/\/portalbacana.com.br\/index.php\/wp-json\/wp\/v2\/users\/1"}],"replies":[{"embeddable":true,"href":"https:\/\/portalbacana.com.br\/index.php\/wp-json\/wp\/v2\/comments?post=238582"}],"version-history":[{"count":0,"href":"https:\/\/portalbacana.com.br\/index.php\/wp-json\/wp\/v2\/posts\/238582\/revisions"}],"wp:featuredmedia":[{"embeddable":true,"href":"https:\/\/portalbacana.com.br\/index.php\/wp-json\/wp\/v2\/media\/238583"}],"wp:attachment":[{"href":"https:\/\/portalbacana.com.br\/index.php\/wp-json\/wp\/v2\/media?parent=238582"}],"wp:term":[{"taxonomy":"category","embeddable":true,"href":"https:\/\/portalbacana.com.br\/index.php\/wp-json\/wp\/v2\/categories?post=238582"},{"taxonomy":"post_tag","embeddable":true,"href":"https:\/\/portalbacana.com.br\/index.php\/wp-json\/wp\/v2\/tags?post=238582"}],"curies":[{"name":"wp","href":"https:\/\/api.w.org\/{rel}","templated":true}]}}