
{"id":238578,"date":"2024-02-09T18:21:34","date_gmt":"2024-02-09T21:21:34","guid":{"rendered":"https:\/\/portalbacana.com.br\/index.php\/2024\/02\/09\/em-video-bolsonaro-orienta-ministros-a-questionar-urnas-e-judiciario\/"},"modified":"2024-02-09T18:21:34","modified_gmt":"2024-02-09T21:21:34","slug":"em-video-bolsonaro-orienta-ministros-a-questionar-urnas-e-judiciario","status":"publish","type":"post","link":"https:\/\/portalbacana.com.br\/index.php\/2024\/02\/09\/em-video-bolsonaro-orienta-ministros-a-questionar-urnas-e-judiciario\/","title":{"rendered":"Em v\u00eddeo, Bolsonaro orienta ministros a questionar urnas e Judici\u00e1rio"},"content":{"rendered":"\n<p>Foto: Reprodu\u00e7\u00e3o<\/p>\n\n\n\n<p>O Supremo Tribunal Federal (STF) tornou p\u00fablico, nesta sexta-feira (9) um v\u00eddeo, de uma hora e trinta minutos de dura\u00e7\u00e3o, de uma reuni\u00e3o na qual o ex-presidente Jair Bolsonaro orienta sua equipe ministerial a disseminar informa\u00e7\u00f5es que coloquem em d\u00favida a seguran\u00e7a das urnas eletr\u00f4nicas e a credibilidade do Poder Judici\u00e1rio.<img decoding=\"async\" src=\"https:\/\/portalbacana.com.br\/wp-content\/uploads\/2024\/02\/ebc.png\"><img decoding=\"async\" src=\"https:\/\/portalbacana.com.br\/wp-content\/uploads\/2024\/02\/ebc.png\"><\/p>\n\n\n\n<p>Bolsonaro diz que \u201cprovid\u00eancias\u201d deveriam ser tomadas para mant\u00ea-lo no poder. Ao longo do v\u00eddeo, o ex-presidente cita uma s\u00e9rie de argumentos que deveriam ser reproduzidos por seus ministros.<\/p>\n\n\n\n<p>O v\u00eddeo, gravado em 5 de julho de 2022, \u00e9 uma das provas apresentadas pelo STF no \u00e2mbito da Opera\u00e7\u00e3o&nbsp;<em>Tempus Veritatis<\/em>, deflagrada na quinta-feira (8) pela Pol\u00edcia Federal para investigar uma suposta organiza\u00e7\u00e3o criminosa cuja atua\u00e7\u00e3o teria resultado na tentativa malsucedida de golpe de Estado no 8 de janeiro de 2023.<\/p>\n\n\n\n<p>Demonstrando preocupa\u00e7\u00e3o com uma poss\u00edvel vit\u00f3ria do ent\u00e3o candidato Luiz In\u00e1cio Lula da Silva, Bolsonaro cobra de seus ministros, que adotem discursos de tom cr\u00edtico a institui\u00e7\u00f5es como STF e Tribunal Superior Eleitoral (TSE). Ele diz ainda que buscaria apoio junto a embaixadores.<\/p>\n\n\n\n<p>\u201cVamos esperar chegar 2023, 2024 para se f&#8230;? [e depois se perguntar] \u2018por que eu n\u00e3o tomei uma provid\u00eancia l\u00e1 atr\u00e1s?\u2019\u201d, questionou Bolsonaro em um trecho do v\u00eddeo, para, na sequ\u00eancia, ordenar, aos ministros, que adotem sempre o mesmo discurso do presidente.<\/p>\n\n\n\n<h2 class=\"wp-block-heading\">\u201cFalem o que vou falar\u201d<\/h2>\n\n\n\n<p>Segundo Bolsonaro, a \u201cprovid\u00eancia\u201d a ser tomada n\u00e3o envolveria uso de for\u00e7a. Dirigindo-se ao ex-ministro da Defesa, general Paulo S\u00e9rgio Nogueira de Oliveira, Bolsonaro acrescenta: \u201cN\u00e3o \u00e9 dar tiro. \u2018Ah, Paulo S\u00e9rgio, vamos botar as tropas nas ruas, tocar fogo e metralhar\u2019. N\u00e3o \u00e9 isso. Daqui para frente, quero que todo ministro fale o que vou falar aqui. E se o ministro n\u00e3o quiser falar, vai ter que falar para mim por que ele n\u00e3o quer falar&#8230; Agora, se n\u00e3o tiver argumentos para me demover do que eu vou mostrar, n\u00e3o vou querer papo com este ministro. Est\u00e1 no lugar errado\u201d.<\/p>\n\n\n\n<p>\u201cN\u00f3s sabemos que, se a gente reagir depois das elei\u00e7\u00f5es, vai ter um caos no Brasil. Vai virar uma grande guerrilha, uma fogueira, o Brasil. Agora, algu\u00e9m tem d\u00favida de que a esquerda, como est\u00e1 indo, vai ganhar as elei\u00e7\u00f5es? N\u00e3o adianta eu ter 80% dos votos. Eles v\u00e3o ganhar as elei\u00e7\u00f5es\u201d, diz o ex-presidente.<\/p>\n\n\n\n<p>Mais adiante no v\u00eddeo, Bolsonaro diz saber que n\u00e3o ganhar\u00e1 \u201cguerra de papel e caneta\u201d, e cobra mais contund\u00eancia nos discursos dos ministros, e diz que far\u00e1 o mesmo junto a embaixadores.<\/p>\n\n\n\n<h2 class=\"wp-block-heading\">Embaixadores<\/h2>\n\n\n\n<p>\u201cA gente tem de ser mais contundente, como vou come\u00e7ar a ser com os embaixadores. Porque, se aparece o Lula com 51% no dia 2 de outubro, acabou. A gente deve reagir ou vai ser um caos. Vai pegar fogo no Brasil\u201d, disse.<\/p>\n\n\n\n<p>Em outro momento do v\u00eddeo, Bolsonaro informou sobre uma reuni\u00e3o que teria com \u201cmetade dos embaixadores\u201d, e que, na semana seguinte falaria com \u201ca outra metade\u201d, bem como autoridades do Judici\u00e1rio, para mostrar o que, segundo ele, \u201cestaria acontecendo\u201d.<\/p>\n\n\n\n<p>Bolsonaro ent\u00e3o levanta suspeitas sobre a atua\u00e7\u00e3o dos ministros do STF Edson Fachin, Lu\u00eds Roberto Barroso e Alexandre de Moraes. \u201cOs caras est\u00e3o preparando tudo para o Lula ganhar no primeiro turno, na fraude\u201d.<\/p>\n\n\n\n<p>\u201cAlgu\u00e9m tem d\u00favida do que vai acontecer no dia 2 de outubro? Qual resultado que vai estar \u00e0s 22h na televis\u00e3o? Algu\u00e9m tem d\u00favida disso? A\u00ed a gente vai ter que entrar com um recurso no Supremo Tribunal Federal. Vai pra p\u2026. Ningu\u00e9m quer virar a mesa, ningu\u00e9m quer dar o golpe. Ningu\u00e9m quer botar a tropa na rua, fechar isso, fechar aquilo. Mas n\u00f3s estamos vendo o que est\u00e1 acontecendo. Vamos esperar o qu\u00ea?\u201d, acrescentou.<\/p>\n\n\n\n<h2 class=\"wp-block-heading\">Mais cr\u00edticas<\/h2>\n\n\n\n<p>As cr\u00edticas ao STF continuam. \u201cO nosso Supremo aqui \u00e9 um poder \u00e0 parte. \u00c9 um super-supremo. Ele decide tudo. Muitas vezes fora das quatro linhas. N\u00e3o d\u00e1 para gente ganhar o jogo com o pessoal atirando tijolo da arquibancada em cima dos jogadores nossos, com ju\u00edzes que a toda hora d\u00e3o impedimento. \u00c9 dif\u00edcil a gente ganhar o jogo assim\u201d.<\/p>\n\n\n\n<p>Na decis\u00e3o apresentada pelo STF, o ministro Alexandre de Moraes diz que a investiga\u00e7\u00e3o da PF concluiu que a \u201corganiza\u00e7\u00e3o criminosa\u201d atuava em cinco eixos, e que um deles seria dedicado a atacar \u201cas institui\u00e7\u00f5es (STF, TSE), o sistema eletr\u00f4nico de vota\u00e7\u00e3o e a higidez do processo eleitoral\u201d.<\/p>\n\n\n\n<p>\u201cNa presente representa\u00e7\u00e3o, a Pol\u00edcia Federal enumera os n\u00facleos de atua\u00e7\u00e3o do grupo criminoso, existentes e atuantes para operacionalizar medidas para desacreditar o processo eleitoral; planejar e executar o golpe de Estado e abolir o Estado Democr\u00e1tico de Direito, com a finalidade de manuten\u00e7\u00e3o e perman\u00eancia de seu grupo no poder\u201d, afirmou o ministro.<\/p>\n\n\n\n<p><a href=\"https:\/\/agenciabrasil.ebc.com.br\/politica\/noticia\/2024-02\/em-video-bolsonaro-orienta-ministros-questionar-urnas-e-judiciario\">Por Ag\u00eancia Brasil<\/a><\/p>\n","protected":false},"excerpt":{"rendered":"<p>Foto: Reprodu\u00e7\u00e3o O Supremo Tribunal Federal (STF) tornou p\u00fablico, nesta sexta-feira (9) um v\u00eddeo, de uma hora e trinta minutos de dura\u00e7\u00e3o, de uma reuni\u00e3o na qual o ex-presidente Jair Bolsonaro orienta sua equipe ministerial a disseminar informa\u00e7\u00f5es que coloquem em d\u00favida a seguran\u00e7a das urnas eletr\u00f4nicas e a credibilidade do Poder Judici\u00e1rio. Bolsonaro diz [&#8230;]\n","protected":false},"author":1,"featured_media":238579,"comment_status":"closed","ping_status":"closed","sticky":false,"template":"","format":"standard","meta":{"footnotes":""},"categories":[10],"tags":[],"_links":{"self":[{"href":"https:\/\/portalbacana.com.br\/index.php\/wp-json\/wp\/v2\/posts\/238578"}],"collection":[{"href":"https:\/\/portalbacana.com.br\/index.php\/wp-json\/wp\/v2\/posts"}],"about":[{"href":"https:\/\/portalbacana.com.br\/index.php\/wp-json\/wp\/v2\/types\/post"}],"author":[{"embeddable":true,"href":"https:\/\/portalbacana.com.br\/index.php\/wp-json\/wp\/v2\/users\/1"}],"replies":[{"embeddable":true,"href":"https:\/\/portalbacana.com.br\/index.php\/wp-json\/wp\/v2\/comments?post=238578"}],"version-history":[{"count":0,"href":"https:\/\/portalbacana.com.br\/index.php\/wp-json\/wp\/v2\/posts\/238578\/revisions"}],"wp:featuredmedia":[{"embeddable":true,"href":"https:\/\/portalbacana.com.br\/index.php\/wp-json\/wp\/v2\/media\/238579"}],"wp:attachment":[{"href":"https:\/\/portalbacana.com.br\/index.php\/wp-json\/wp\/v2\/media?parent=238578"}],"wp:term":[{"taxonomy":"category","embeddable":true,"href":"https:\/\/portalbacana.com.br\/index.php\/wp-json\/wp\/v2\/categories?post=238578"},{"taxonomy":"post_tag","embeddable":true,"href":"https:\/\/portalbacana.com.br\/index.php\/wp-json\/wp\/v2\/tags?post=238578"}],"curies":[{"name":"wp","href":"https:\/\/api.w.org\/{rel}","templated":true}]}}