
{"id":238576,"date":"2024-02-09T18:16:16","date_gmt":"2024-02-09T21:16:16","guid":{"rendered":"https:\/\/portalbacana.com.br\/index.php\/2024\/02\/09\/momento-historico-diz-ministra-sobre-inicio-da-vacinacao-de-criancas\/"},"modified":"2024-02-09T18:16:16","modified_gmt":"2024-02-09T21:16:16","slug":"momento-historico-diz-ministra-sobre-inicio-da-vacinacao-de-criancas","status":"publish","type":"post","link":"https:\/\/portalbacana.com.br\/index.php\/2024\/02\/09\/momento-historico-diz-ministra-sobre-inicio-da-vacinacao-de-criancas\/","title":{"rendered":"Momento hist\u00f3rico, diz ministra sobre in\u00edcio da vacina\u00e7\u00e3o de crian\u00e7as"},"content":{"rendered":"\n<p>Foto: Fabio Rodrigues Pozzebom\/Ag\u00eancia Brasil<\/p>\n\n\n\n<p>Ao comentar o in\u00edcio da vacina\u00e7\u00e3o contra a dengue em crian\u00e7as de 10 e 11 anos no Distrito Federal, a ministra da Sa\u00fade, N\u00edsia Trindade, avaliou o momento como hist\u00f3rico. \u201cH\u00e1 40 anos, se espera uma vacina para a dengue. Tentamos trabalhar, j\u00e1 havia vacina desenvolvida, mas n\u00e3o t\u00e3o bem sucedida. Agora, temos uma vacina incorporada ao SUS [Sistema \u00danico de Sa\u00fade].\u201d<img decoding=\"async\" src=\"https:\/\/portalbacana.com.br\/wp-content\/uploads\/2024\/02\/ebc.png\"><img decoding=\"async\" src=\"https:\/\/portalbacana.com.br\/wp-content\/uploads\/2024\/02\/ebc.png\"><\/p>\n\n\n\n<p>\u201cMesmo sem epidemia, n\u00f3s come\u00e7ar\u00edamos essa vacina\u00e7\u00e3o porque a dengue \u00e9 um problema de sa\u00fade p\u00fablica h\u00e1 muito tempo. Neste momento, \u00e9 muito importante falar dessa conquista que \u00e9 termos uma vacina\u201d, refor\u00e7ou N\u00edsia.<\/p>\n\n\n\n<p>Segundo a ministra, a pasta trabalha em parceria com a Funda\u00e7\u00e3o Oswaldo Cruz (Fiocruz) e outros laborat\u00f3rios nacionais para ampliar a produ\u00e7\u00e3o da vacina, atualmente fabricada pelo laborat\u00f3rio japon\u00eas Takeda. \u201cVamos apoiar tamb\u00e9m a vacina do Instituto Butantan, que ainda n\u00e3o foi submetida \u00e0 Anvisa [Ag\u00eancia Nacional de Vigil\u00e2ncia Sanit\u00e1ria].\u201d<\/p>\n\n\n\n<p>\u201cFalei, inclusive, para todas as crian\u00e7as: &#8216;voc\u00eas, nas escolas, nos ajudem na campanha de combate aos focos do mosquito [<em>Aedes aegypti<\/em>] . Tamb\u00e9m vamos estar atentos aos sinais da doen\u00e7a, para n\u00e3o nos automedicarmos, cuidarmos da hidrata\u00e7\u00e3o. Estas s\u00e3o as mensagens mais importantes neste momento\u201d, afirmou N\u00edsia.<\/p>\n\n\n\n<p>\u201cComo eu disse, a gente come\u00e7aria a vacina\u00e7\u00e3o mesmo sem surto epid\u00eamico porque finalmente temos uma vacina vista como eficaz, segura. A gente est\u00e1 contribuindo tamb\u00e9m, no Brasil, com estudos que est\u00e3o sendo feitos para avaliar a dose para outras faixas et\u00e1rias. \u00c9 um trabalho que envolve muitas frentes\u201d, completou.<\/p>\n\n\n\n<p><a href=\"https:\/\/agenciabrasil.ebc.com.br\/saude\/noticia\/2024-02\/momento-historico-diz-ministra-sobre-inicio-da-vacinacao-de-criancas\">Por Ag\u00eancia Brasil<\/a><\/p>\n","protected":false},"excerpt":{"rendered":"<p>Foto: Fabio Rodrigues Pozzebom\/Ag\u00eancia Brasil Ao comentar o in\u00edcio da vacina\u00e7\u00e3o contra a dengue em crian\u00e7as de 10 e 11 anos no Distrito Federal, a ministra da Sa\u00fade, N\u00edsia Trindade, avaliou o momento como hist\u00f3rico. \u201cH\u00e1 40 anos, se espera uma vacina para a dengue. Tentamos trabalhar, j\u00e1 havia vacina desenvolvida, mas n\u00e3o t\u00e3o bem [&#8230;]\n","protected":false},"author":1,"featured_media":238577,"comment_status":"closed","ping_status":"closed","sticky":false,"template":"","format":"standard","meta":{"footnotes":""},"categories":[28],"tags":[],"_links":{"self":[{"href":"https:\/\/portalbacana.com.br\/index.php\/wp-json\/wp\/v2\/posts\/238576"}],"collection":[{"href":"https:\/\/portalbacana.com.br\/index.php\/wp-json\/wp\/v2\/posts"}],"about":[{"href":"https:\/\/portalbacana.com.br\/index.php\/wp-json\/wp\/v2\/types\/post"}],"author":[{"embeddable":true,"href":"https:\/\/portalbacana.com.br\/index.php\/wp-json\/wp\/v2\/users\/1"}],"replies":[{"embeddable":true,"href":"https:\/\/portalbacana.com.br\/index.php\/wp-json\/wp\/v2\/comments?post=238576"}],"version-history":[{"count":0,"href":"https:\/\/portalbacana.com.br\/index.php\/wp-json\/wp\/v2\/posts\/238576\/revisions"}],"wp:featuredmedia":[{"embeddable":true,"href":"https:\/\/portalbacana.com.br\/index.php\/wp-json\/wp\/v2\/media\/238577"}],"wp:attachment":[{"href":"https:\/\/portalbacana.com.br\/index.php\/wp-json\/wp\/v2\/media?parent=238576"}],"wp:term":[{"taxonomy":"category","embeddable":true,"href":"https:\/\/portalbacana.com.br\/index.php\/wp-json\/wp\/v2\/categories?post=238576"},{"taxonomy":"post_tag","embeddable":true,"href":"https:\/\/portalbacana.com.br\/index.php\/wp-json\/wp\/v2\/tags?post=238576"}],"curies":[{"name":"wp","href":"https:\/\/api.w.org\/{rel}","templated":true}]}}