
{"id":238571,"date":"2024-02-09T18:14:18","date_gmt":"2024-02-09T21:14:18","guid":{"rendered":"https:\/\/portalbacana.com.br\/index.php\/2024\/02\/09\/tse-multa-bolsonaro-em-r-15-mil-por-noticias-falsas-contra-lula\/"},"modified":"2024-02-09T18:14:18","modified_gmt":"2024-02-09T21:14:18","slug":"tse-multa-bolsonaro-em-r-15-mil-por-noticias-falsas-contra-lula","status":"publish","type":"post","link":"https:\/\/portalbacana.com.br\/index.php\/2024\/02\/09\/tse-multa-bolsonaro-em-r-15-mil-por-noticias-falsas-contra-lula\/","title":{"rendered":"TSE multa Bolsonaro em R$ 15 mil por not\u00edcias falsas contra Lula\u00a0"},"content":{"rendered":"\n<p>Foto: Valter Campanato\/Ag\u00eancia Brasil<\/p>\n\n\n\n<p>O plen\u00e1rio do Tribunal Superior Eleitoral (TSE) decidiu nesta quinta-feira (8), por 5 a 2, multar o ex-presidente Jair Bolsonaro em R$ 15 mil por ter disseminado not\u00edcias falsas contra o presidente Luiz In\u00e1cio Lula da Silva durante a campanha eleitoral de 2022, quando ambos disputavam a Presid\u00eancia.&nbsp;<img decoding=\"async\" src=\"https:\/\/portalbacana.com.br\/wp-content\/uploads\/2024\/02\/ebc.png\"><img decoding=\"async\" src=\"https:\/\/portalbacana.com.br\/wp-content\/uploads\/2024\/02\/ebc.png\"><\/p>\n\n\n\n<p>O caso diz respeito a publica\u00e7\u00f5es de Bolsonaro em redes sociais que associavam Lula e seu partido, o PT, \u00e0 organiza\u00e7\u00e3o criminosa Primeiro Comando da Capital (PCC). O TSE j\u00e1 tinha determinado a remo\u00e7\u00e3o das publica\u00e7\u00f5es ainda durante a campanha, e reiterou, agora, a determina\u00e7\u00e3o.&nbsp;<\/p>\n\n\n\n<p>O julgamento sobre o m\u00e9rito da quest\u00e3o havia come\u00e7ado em novembro do ano passado, quando o ent\u00e3o relator, ministro Benedito Gon\u00e7alves, havia votado pela multa de R$ 15 mil. As an\u00e1lises foram interrompidas na ocasi\u00e3o por pedido de vista do ministro Raul Ara\u00fajo.&nbsp;<\/p>\n\n\n\n<p>Nesta quinta, com a retomada do julgamento, o relator foi seguido pelos ministros C\u00e1rmen L\u00facia e Alexandre de Moraes. Os ministros Ramos Tavares e Maria Cl\u00e1udia Bucchianeri, que n\u00e3o integram mais o TSE, tamb\u00e9m j\u00e1 havia votado a favor da multa.&nbsp;<\/p>\n\n\n\n<p>Ara\u00fajo e o ministro Nunes Marques votaram em sentido contr\u00e1rio, por considerar que n\u00e3o houve viola\u00e7\u00e3o \u00e0s normas de propaganda eleitoral e que as publica\u00e7\u00f5es estavam dentro dos limites da campanha.\u00a0<\/p>\n\n\n\n<p><a href=\"https:\/\/agenciabrasil.ebc.com.br\/justica\/noticia\/2024-02\/tse-multa-bolsonaro-em-r-15-mil-por-noticias-falsas-contra-lula\">Por Ag\u00eancia Brasil<\/a><\/p>\n","protected":false},"excerpt":{"rendered":"<p>Foto: Valter Campanato\/Ag\u00eancia Brasil O plen\u00e1rio do Tribunal Superior Eleitoral (TSE) decidiu nesta quinta-feira (8), por 5 a 2, multar o ex-presidente Jair Bolsonaro em R$ 15 mil por ter disseminado not\u00edcias falsas contra o presidente Luiz In\u00e1cio Lula da Silva durante a campanha eleitoral de 2022, quando ambos disputavam a Presid\u00eancia.&nbsp; O caso diz [&#8230;]\n","protected":false},"author":1,"featured_media":238572,"comment_status":"closed","ping_status":"closed","sticky":false,"template":"","format":"standard","meta":{"footnotes":""},"categories":[28],"tags":[],"_links":{"self":[{"href":"https:\/\/portalbacana.com.br\/index.php\/wp-json\/wp\/v2\/posts\/238571"}],"collection":[{"href":"https:\/\/portalbacana.com.br\/index.php\/wp-json\/wp\/v2\/posts"}],"about":[{"href":"https:\/\/portalbacana.com.br\/index.php\/wp-json\/wp\/v2\/types\/post"}],"author":[{"embeddable":true,"href":"https:\/\/portalbacana.com.br\/index.php\/wp-json\/wp\/v2\/users\/1"}],"replies":[{"embeddable":true,"href":"https:\/\/portalbacana.com.br\/index.php\/wp-json\/wp\/v2\/comments?post=238571"}],"version-history":[{"count":0,"href":"https:\/\/portalbacana.com.br\/index.php\/wp-json\/wp\/v2\/posts\/238571\/revisions"}],"wp:featuredmedia":[{"embeddable":true,"href":"https:\/\/portalbacana.com.br\/index.php\/wp-json\/wp\/v2\/media\/238572"}],"wp:attachment":[{"href":"https:\/\/portalbacana.com.br\/index.php\/wp-json\/wp\/v2\/media?parent=238571"}],"wp:term":[{"taxonomy":"category","embeddable":true,"href":"https:\/\/portalbacana.com.br\/index.php\/wp-json\/wp\/v2\/categories?post=238571"},{"taxonomy":"post_tag","embeddable":true,"href":"https:\/\/portalbacana.com.br\/index.php\/wp-json\/wp\/v2\/tags?post=238571"}],"curies":[{"name":"wp","href":"https:\/\/api.w.org\/{rel}","templated":true}]}}