
{"id":238567,"date":"2024-02-09T18:10:49","date_gmt":"2024-02-09T21:10:49","guid":{"rendered":"https:\/\/portalbacana.com.br\/index.php\/2024\/02\/09\/ufrj-concede-titulo-de-doutor-honoris-causa-a-gilberto-gil\/"},"modified":"2024-02-09T18:10:49","modified_gmt":"2024-02-09T21:10:49","slug":"ufrj-concede-titulo-de-doutor-honoris-causa-a-gilberto-gil","status":"publish","type":"post","link":"https:\/\/portalbacana.com.br\/index.php\/2024\/02\/09\/ufrj-concede-titulo-de-doutor-honoris-causa-a-gilberto-gil\/","title":{"rendered":"UFRJ concede t\u00edtulo de doutor honoris causa a Gilberto Gil"},"content":{"rendered":"\n<p>Foto: Imago Imagens\/Sven Thielmann<\/p>\n\n\n\n<p>O Conselho Universit\u00e1rio (Consuni) da Universidade Federal do Rio de Janeiro (UFRJ) decidiu conceder o t\u00edtulo de doutor honoris causa ao cantor e compositor Gilberto Gil. A indica\u00e7\u00e3o foi feita pela Congrega\u00e7\u00e3o da Escola de M\u00fasica e pelo Conselho do Centro de Letras e Artes da institui\u00e7\u00e3o e aprovada nessa quinta-feira (8) pelo Consuni.<\/p>\n\n\n\n<p>Segundo a UFRJ, entre as justificativas para a concess\u00e3o do t\u00edtulo est\u00e1 a import\u00e2ncia de Gil para a sociedade brasileira n\u00e3o apenas como artista, mas tamb\u00e9m como um defensor de diversas causas humanit\u00e1rias.<\/p>\n\n\n\n<p>Na semana passada, a Universidade do Estado do Rio de Janeiro (Uerj) tamb\u00e9m havia decidido conceder o t\u00edtulo de doutor honoris causa a Gilberto Gil.<\/p>\n\n\n\n<p>Gilberto Gil nasceu em Salvador em junho de 1942 e foi um dos \u00edcones da Tropic\u00e1lia, movimento art\u00edstico brasileiro surgido na d\u00e9cada de 60. Foi ministro da Cultura de 2003 a 2008.<\/p>\n\n\n\n<p>Ele foi eleito membro da Academia Brasileira de Letras (ABL) em novembro de 2021 e tomou posse como imortal em abril do ano seguinte. O t\u00edtulo da UFRJ deve ser entregue em abril.<\/p>\n\n\n\n<p><a href=\"https:\/\/agenciabrasil.ebc.com.br\/geral\/noticia\/2024-02\/ufrj-concede-titulo-de-doutor-honoris-causa-gilberto-gil\">Por Ag\u00eancia Brasil<\/a><\/p>\n","protected":false},"excerpt":{"rendered":"<p>Foto: Imago Imagens\/Sven Thielmann O Conselho Universit\u00e1rio (Consuni) da Universidade Federal do Rio de Janeiro (UFRJ) decidiu conceder o t\u00edtulo de doutor honoris causa ao cantor e compositor Gilberto Gil. A indica\u00e7\u00e3o foi feita pela Congrega\u00e7\u00e3o da Escola de M\u00fasica e pelo Conselho do Centro de Letras e Artes da institui\u00e7\u00e3o e aprovada nessa quinta-feira [&#8230;]\n","protected":false},"author":1,"featured_media":238568,"comment_status":"closed","ping_status":"closed","sticky":false,"template":"","format":"standard","meta":{"footnotes":""},"categories":[28],"tags":[],"_links":{"self":[{"href":"https:\/\/portalbacana.com.br\/index.php\/wp-json\/wp\/v2\/posts\/238567"}],"collection":[{"href":"https:\/\/portalbacana.com.br\/index.php\/wp-json\/wp\/v2\/posts"}],"about":[{"href":"https:\/\/portalbacana.com.br\/index.php\/wp-json\/wp\/v2\/types\/post"}],"author":[{"embeddable":true,"href":"https:\/\/portalbacana.com.br\/index.php\/wp-json\/wp\/v2\/users\/1"}],"replies":[{"embeddable":true,"href":"https:\/\/portalbacana.com.br\/index.php\/wp-json\/wp\/v2\/comments?post=238567"}],"version-history":[{"count":0,"href":"https:\/\/portalbacana.com.br\/index.php\/wp-json\/wp\/v2\/posts\/238567\/revisions"}],"wp:featuredmedia":[{"embeddable":true,"href":"https:\/\/portalbacana.com.br\/index.php\/wp-json\/wp\/v2\/media\/238568"}],"wp:attachment":[{"href":"https:\/\/portalbacana.com.br\/index.php\/wp-json\/wp\/v2\/media?parent=238567"}],"wp:term":[{"taxonomy":"category","embeddable":true,"href":"https:\/\/portalbacana.com.br\/index.php\/wp-json\/wp\/v2\/categories?post=238567"},{"taxonomy":"post_tag","embeddable":true,"href":"https:\/\/portalbacana.com.br\/index.php\/wp-json\/wp\/v2\/tags?post=238567"}],"curies":[{"name":"wp","href":"https:\/\/api.w.org\/{rel}","templated":true}]}}