
{"id":238394,"date":"2024-02-09T20:13:12","date_gmt":"2024-02-09T23:13:12","guid":{"rendered":"https:\/\/portalbacana.com.br\/index.php\/2024\/02\/09\/certificados\/"},"modified":"2024-02-20T15:53:30","modified_gmt":"2024-02-20T18:53:30","slug":"certificados","status":"publish","type":"post","link":"https:\/\/portalbacana.com.br\/index.php\/2024\/02\/09\/certificados\/","title":{"rendered":"Certificados"},"content":{"rendered":"\n<p><br>Na \u00faltima quarta-feira (07), o Hospital Yutaka Takeda e o Hospital 05 de outubro, localizados em Parauapebas e Cana\u00e3 dos Caraj\u00e1s, foram agraciados com a recertifica\u00e7\u00e3o de qualidade pelo Cofen\/Coren. A cerim\u00f4nia, marcada por solenidade e prest\u00edgio, contou com a presen\u00e7a do presidente do Coren-PA, Ant\u00f4nio Marcos Freire Gomes, e do membro da Comiss\u00e3o Nacional de Certifica\u00e7\u00e3o e Qualidade do Cofen, Cl\u00e1udio Porto.<\/p>\n","protected":false},"excerpt":{"rendered":"<p>Na \u00faltima quarta-feira (07), o Hospital Yutaka Takeda e o Hospital 05 de outubro, localizados em Parauapebas e Cana\u00e3 dos Caraj\u00e1s, foram agraciados com a recertifica\u00e7\u00e3o de qualidade pelo Cofen\/Coren. A cerim\u00f4nia, marcada por solenidade e prest\u00edgio, contou com a presen\u00e7a do presidente do Coren-PA, Ant\u00f4nio Marcos Freire Gomes, e do membro da Comiss\u00e3o Nacional [&#8230;]\n","protected":false},"author":1,"featured_media":238395,"comment_status":"closed","ping_status":"closed","sticky":false,"template":"","format":"standard","meta":{"footnotes":""},"categories":[2336,2337],"tags":[],"_links":{"self":[{"href":"https:\/\/portalbacana.com.br\/index.php\/wp-json\/wp\/v2\/posts\/238394"}],"collection":[{"href":"https:\/\/portalbacana.com.br\/index.php\/wp-json\/wp\/v2\/posts"}],"about":[{"href":"https:\/\/portalbacana.com.br\/index.php\/wp-json\/wp\/v2\/types\/post"}],"author":[{"embeddable":true,"href":"https:\/\/portalbacana.com.br\/index.php\/wp-json\/wp\/v2\/users\/1"}],"replies":[{"embeddable":true,"href":"https:\/\/portalbacana.com.br\/index.php\/wp-json\/wp\/v2\/comments?post=238394"}],"version-history":[{"count":1,"href":"https:\/\/portalbacana.com.br\/index.php\/wp-json\/wp\/v2\/posts\/238394\/revisions"}],"predecessor-version":[{"id":238402,"href":"https:\/\/portalbacana.com.br\/index.php\/wp-json\/wp\/v2\/posts\/238394\/revisions\/238402"}],"wp:featuredmedia":[{"embeddable":true,"href":"https:\/\/portalbacana.com.br\/index.php\/wp-json\/wp\/v2\/media\/238395"}],"wp:attachment":[{"href":"https:\/\/portalbacana.com.br\/index.php\/wp-json\/wp\/v2\/media?parent=238394"}],"wp:term":[{"taxonomy":"category","embeddable":true,"href":"https:\/\/portalbacana.com.br\/index.php\/wp-json\/wp\/v2\/categories?post=238394"},{"taxonomy":"post_tag","embeddable":true,"href":"https:\/\/portalbacana.com.br\/index.php\/wp-json\/wp\/v2\/tags?post=238394"}],"curies":[{"name":"wp","href":"https:\/\/api.w.org\/{rel}","templated":true}]}}