
{"id":238384,"date":"2024-02-08T19:55:04","date_gmt":"2024-02-08T22:55:04","guid":{"rendered":"https:\/\/portalbacana.com.br\/index.php\/2024\/02\/08\/cheirin-bao-braz-de-aguiar-realiza-bailinho-de-carnaval\/"},"modified":"2024-02-20T15:53:30","modified_gmt":"2024-02-20T18:53:30","slug":"cheirin-bao-braz-de-aguiar-realiza-bailinho-de-carnaval","status":"publish","type":"post","link":"https:\/\/portalbacana.com.br\/index.php\/2024\/02\/08\/cheirin-bao-braz-de-aguiar-realiza-bailinho-de-carnaval\/","title":{"rendered":"Cheirin B\u00e3o Braz de Aguiar realiza Bailinho de Carnaval"},"content":{"rendered":"\n<p>Para quem n\u00e3o for viajar, neste domingo,11, a Cheirin B\u00e3o da Braz de Aguiar vai promover um bailinho de carnaval para a crian\u00e7ada, com direito a bandinha ao vivo, camarim com pintura facial, concurso de fantasia e muitas brincadeiras.<\/p>\n","protected":false},"excerpt":{"rendered":"<p>Para quem n\u00e3o for viajar, neste domingo,11, a Cheirin B\u00e3o da Braz de Aguiar vai promover um bailinho de carnaval para a crian\u00e7ada, com direito a bandinha ao vivo, camarim com pintura facial, concurso de fantasia e muitas brincadeiras.<\/p>\n","protected":false},"author":1,"featured_media":238385,"comment_status":"closed","ping_status":"closed","sticky":false,"template":"","format":"standard","meta":{"footnotes":""},"categories":[2336,2337],"tags":[],"_links":{"self":[{"href":"https:\/\/portalbacana.com.br\/index.php\/wp-json\/wp\/v2\/posts\/238384"}],"collection":[{"href":"https:\/\/portalbacana.com.br\/index.php\/wp-json\/wp\/v2\/posts"}],"about":[{"href":"https:\/\/portalbacana.com.br\/index.php\/wp-json\/wp\/v2\/types\/post"}],"author":[{"embeddable":true,"href":"https:\/\/portalbacana.com.br\/index.php\/wp-json\/wp\/v2\/users\/1"}],"replies":[{"embeddable":true,"href":"https:\/\/portalbacana.com.br\/index.php\/wp-json\/wp\/v2\/comments?post=238384"}],"version-history":[{"count":1,"href":"https:\/\/portalbacana.com.br\/index.php\/wp-json\/wp\/v2\/posts\/238384\/revisions"}],"predecessor-version":[{"id":238400,"href":"https:\/\/portalbacana.com.br\/index.php\/wp-json\/wp\/v2\/posts\/238384\/revisions\/238400"}],"wp:featuredmedia":[{"embeddable":true,"href":"https:\/\/portalbacana.com.br\/index.php\/wp-json\/wp\/v2\/media\/238385"}],"wp:attachment":[{"href":"https:\/\/portalbacana.com.br\/index.php\/wp-json\/wp\/v2\/media?parent=238384"}],"wp:term":[{"taxonomy":"category","embeddable":true,"href":"https:\/\/portalbacana.com.br\/index.php\/wp-json\/wp\/v2\/categories?post=238384"},{"taxonomy":"post_tag","embeddable":true,"href":"https:\/\/portalbacana.com.br\/index.php\/wp-json\/wp\/v2\/tags?post=238384"}],"curies":[{"name":"wp","href":"https:\/\/api.w.org\/{rel}","templated":true}]}}