
{"id":238382,"date":"2024-02-08T19:52:39","date_gmt":"2024-02-08T22:52:39","guid":{"rendered":"https:\/\/portalbacana.com.br\/index.php\/2024\/02\/08\/aqualand-realiza-acao-especial-durante-o-carnaval\/"},"modified":"2024-02-20T15:53:30","modified_gmt":"2024-02-20T18:53:30","slug":"aqualand-realiza-acao-especial-durante-o-carnaval","status":"publish","type":"post","link":"https:\/\/portalbacana.com.br\/index.php\/2024\/02\/08\/aqualand-realiza-acao-especial-durante-o-carnaval\/","title":{"rendered":"Aqualand realiza a\u00e7\u00e3o especial durante o Carnaval"},"content":{"rendered":"\n<p>O Aqualand preparou uma intensa programa\u00e7\u00e3o de Carnaval para a fam\u00edlia inteira participar. Para este fim de semana prolongado, haver\u00e1 oficina de m\u00e1scaras, bailinho \u00e0 fantasia, master chefinho e outras muitas brincadeiras.<\/p>\n","protected":false},"excerpt":{"rendered":"<p>O Aqualand preparou uma intensa programa\u00e7\u00e3o de Carnaval para a fam\u00edlia inteira participar. Para este fim de semana prolongado, haver\u00e1 oficina de m\u00e1scaras, bailinho \u00e0 fantasia, master chefinho e outras muitas brincadeiras.<\/p>\n","protected":false},"author":1,"featured_media":238383,"comment_status":"closed","ping_status":"closed","sticky":false,"template":"","format":"standard","meta":{"footnotes":""},"categories":[2336,2337],"tags":[],"_links":{"self":[{"href":"https:\/\/portalbacana.com.br\/index.php\/wp-json\/wp\/v2\/posts\/238382"}],"collection":[{"href":"https:\/\/portalbacana.com.br\/index.php\/wp-json\/wp\/v2\/posts"}],"about":[{"href":"https:\/\/portalbacana.com.br\/index.php\/wp-json\/wp\/v2\/types\/post"}],"author":[{"embeddable":true,"href":"https:\/\/portalbacana.com.br\/index.php\/wp-json\/wp\/v2\/users\/1"}],"replies":[{"embeddable":true,"href":"https:\/\/portalbacana.com.br\/index.php\/wp-json\/wp\/v2\/comments?post=238382"}],"version-history":[{"count":1,"href":"https:\/\/portalbacana.com.br\/index.php\/wp-json\/wp\/v2\/posts\/238382\/revisions"}],"predecessor-version":[{"id":238399,"href":"https:\/\/portalbacana.com.br\/index.php\/wp-json\/wp\/v2\/posts\/238382\/revisions\/238399"}],"wp:featuredmedia":[{"embeddable":true,"href":"https:\/\/portalbacana.com.br\/index.php\/wp-json\/wp\/v2\/media\/238383"}],"wp:attachment":[{"href":"https:\/\/portalbacana.com.br\/index.php\/wp-json\/wp\/v2\/media?parent=238382"}],"wp:term":[{"taxonomy":"category","embeddable":true,"href":"https:\/\/portalbacana.com.br\/index.php\/wp-json\/wp\/v2\/categories?post=238382"},{"taxonomy":"post_tag","embeddable":true,"href":"https:\/\/portalbacana.com.br\/index.php\/wp-json\/wp\/v2\/tags?post=238382"}],"curies":[{"name":"wp","href":"https:\/\/api.w.org\/{rel}","templated":true}]}}