
{"id":234584,"date":"2024-01-17T12:53:10","date_gmt":"2024-01-17T15:53:10","guid":{"rendered":"https:\/\/portalbacana.com.br\/index.php\/2024\/01\/17\/inteligencia_artificial_colabora_com_os_tribunais_do_pais\/"},"modified":"2024-01-17T12:53:10","modified_gmt":"2024-01-17T15:53:10","slug":"inteligencia_artificial_colabora_com_os_tribunais_do_pais","status":"publish","type":"post","link":"https:\/\/portalbacana.com.br\/index.php\/2024\/01\/17\/inteligencia_artificial_colabora_com_os_tribunais_do_pais\/","title":{"rendered":"Intelig\u00eancia artificial colabora com os tribunais do pa\u00eds"},"content":{"rendered":"<p>Na \u00faltima sess\u00e3o extraordin\u00e1ria do ano de 2023, o <a rel=\"nofollow noopener\" target=\"_blank\" href=\"https:\/\/oabac.org.br\/geral\/conselho-pleno-da-oab-ac-regulamenta-o-uso-de-inteligencia-artificial-na-advocacia-acreana\/\" data-mce-href=\"https:\/\/oabac.org.br\/geral\/conselho-pleno-da-oab-ac-regulamenta-o-uso-de-inteligencia-artificial-na-advocacia-acreana\/\">Conselho Pleno da Seccional Acre<\/a> aprovou a regulamenta\u00e7\u00e3o do uso de ferramentas de Intelig\u00eancia Artificial (IA) na pr\u00e1tica jur\u00eddica da advocacia acreana. Os conselheiros aprovaram a medida que representa inova\u00e7\u00e3o no setor do desenvolvimento jur\u00eddico com o uso das novas ferramentas digitais.<\/p>\n<p>Iniciativa semelhante \u00e9 o desenvolvimento da Intelig\u00eancia Artificial Berna no <a rel=\"nofollow noopener\" target=\"_blank\" href=\"https:\/\/www.tjpa.jus.br\/PortalExterno\/imprensa\/noticias\/Informes\/1498179-tjpa-assina-cooperacao-com-tjgo-para-uso-do-berna.xhtml\" data-mce-href=\"https:\/\/www.tjpa.jus.br\/PortalExterno\/imprensa\/noticias\/Informes\/1498179-tjpa-assina-cooperacao-com-tjgo-para-uso-do-berna.xhtml\">Tribunal de Justi\u00e7a do Estado de Goi\u00e1s<\/a>, que reduz o tempo de tramita\u00e7\u00e3o processual nas escrivaninhas e nos gabinetes dos magistrados, atrav\u00e9s da identifica\u00e7\u00e3o e unifica\u00e7\u00e3o, autom\u00e1tica, de volumes significativos de demandas judiciais em tramita\u00e7\u00e3o que possuem o mesmo fato e tese jur\u00eddica na peti\u00e7\u00e3o inicial.<\/p>\n<p>O advogado <a rel=\"nofollow noopener\" target=\"_blank\" href=\"https:\/\/www.linkedin.com\/in\/luizhcristo\/\" data-mce-href=\"https:\/\/www.linkedin.com\/in\/luizhcristo\/\">Luiz Henrique de Cristo<\/a>, s\u00f3cio da <a rel=\"nofollow noopener\" target=\"_blank\" href=\"https:\/\/www.linkedin.com\/company\/vivacqua-advogados\/\" data-mce-href=\"https:\/\/www.linkedin.com\/company\/vivacqua-advogados\/\">Vivacqua Advogados<\/a>, especialista na \u00e1rea de direito digital, pondera que \u201ca utiliza\u00e7\u00e3o da Intelig\u00eancia Artificial Generativa, ou seja, aquela que \u00e9 capaz de gerar as informa\u00e7\u00f5es, est\u00e3o cada vez mais presentes no dia a dia do mundo jur\u00eddico. Agora n\u00e3o \u00e9 mais quest\u00e3o de saber se &#8216;a moda pega&#8217;, e sim de descobrir se voc\u00ea est\u00e1 preparado para os novos tempos\u201d.<\/p>\n<p>Luiz Henrique ressalta que \u201catrav\u00e9s da assinatura do <a rel=\"nofollow noopener\" target=\"_blank\" href=\"https:\/\/www.tjgo.jus.br\/index.php\/institucional\/centro-de-comunicacao-social\/20-destaque\/27845-termo-de-cooperacao-para-utilizacao-da-berna-e-tema-de-reuniao-entre-representantes-do-tjgo-e-do-tjrr\" data-mce-href=\"https:\/\/www.tjgo.jus.br\/index.php\/institucional\/centro-de-comunicacao-social\/20-destaque\/27845-termo-de-cooperacao-para-utilizacao-da-berna-e-tema-de-reuniao-entre-representantes-do-tjgo-e-do-tjrr\">Termo de Coopera\u00e7\u00e3o e Planos de Trabalho<\/a>, outros tribunais adotaram a utiliza\u00e7\u00e3o da ferramenta criada pelo tribunal goiano, sendo eles os do Par\u00e1, do <a rel=\"nofollow noopener\" target=\"_blank\" href=\"https:\/\/www.tjce.jus.br\/noticias\/acordo-de-cooperacao-entre-tjce-e-tribunal-de-goias-vai-proporcionar-mais-agilidade-na-movimentacao-dos-processos\/\" data-mce-href=\"https:\/\/www.tjce.jus.br\/noticias\/acordo-de-cooperacao-entre-tjce-e-tribunal-de-goias-vai-proporcionar-mais-agilidade-na-movimentacao-dos-processos\/\">Cear\u00e1<\/a>, de Sergipe, do Maranh\u00e3o, <a rel=\"nofollow noopener\" target=\"_blank\" href=\"https:\/\/www.tjam.jus.br\/index.php\/menu\/sala-de-imprensa\/10086-tribunal-de-justica-do-amazonas-lanca-ferramenta-de-inteligencia-artificial-que-identifica-similaridades-entre-processos\" data-mce-href=\"https:\/\/www.tjam.jus.br\/index.php\/menu\/sala-de-imprensa\/10086-tribunal-de-justica-do-amazonas-lanca-ferramenta-de-inteligencia-artificial-que-identifica-similaridades-entre-processos\">Amazonas<\/a> e de Roraima\u201d.<\/p>\n<p><a rel=\"nofollow noopener\" target=\"_blank\" href=\"https:\/\/www.linkedin.com\/in\/ricardo-pontes-vivacqua-226a3316\/\" data-mce-href=\"https:\/\/www.linkedin.com\/in\/ricardo-pontes-vivacqua-226a3316\/\">Ricardo Vivacqua<\/a>, s\u00f3cio-fundador da <a rel=\"nofollow noopener\" target=\"_blank\" href=\"https:\/\/www.linkedin.com\/company\/vivacqua-advogados\/\" data-mce-href=\"https:\/\/www.linkedin.com\/company\/vivacqua-advogados\/\">Vivacqua Advogados<\/a>, v\u00ea esta medida como positiva ao afirmar que \u201cesta sistem\u00e1tica nada mais \u00e9 que a implementa\u00e7\u00e3o do sistema de produ\u00e7\u00e3o em massa, ao judici\u00e1rio, para a presta\u00e7\u00e3o de um servi\u00e7o jurisdicional mais celere, o que ter\u00e1 como consequ\u00eancia algumas falhas, mas existem instrumentos processuais aptos a corrigi-las\u201d.<\/p>\n<p><img src='https:\/\/portalbacana.com.br\/wp-content\/uploads\/2024\/02\/170821569165d14d8b2a1c6.gif' alt=\"\" style=\"border:0px;width:1px;height:1px;\" \/><\/p>\n","protected":false},"excerpt":{"rendered":"<p>Na \u00faltima sess\u00e3o extraordin\u00e1ria do ano de 2023, o Conselho Pleno da Seccional Acre aprovou a regulamenta\u00e7\u00e3o do uso de ferramentas de Intelig\u00eancia Artificial (IA) na pr\u00e1tica jur\u00eddica da advocacia acreana. Os conselheiros aprovaram a medida que representa inova\u00e7\u00e3o no setor do desenvolvimento jur\u00eddico com o uso das novas ferramentas digitais. Iniciativa semelhante \u00e9 o [&#8230;]\n","protected":false},"author":1,"featured_media":234585,"comment_status":"closed","ping_status":"closed","sticky":false,"template":"","format":"standard","meta":{"footnotes":""},"categories":[767],"tags":[],"_links":{"self":[{"href":"https:\/\/portalbacana.com.br\/index.php\/wp-json\/wp\/v2\/posts\/234584"}],"collection":[{"href":"https:\/\/portalbacana.com.br\/index.php\/wp-json\/wp\/v2\/posts"}],"about":[{"href":"https:\/\/portalbacana.com.br\/index.php\/wp-json\/wp\/v2\/types\/post"}],"author":[{"embeddable":true,"href":"https:\/\/portalbacana.com.br\/index.php\/wp-json\/wp\/v2\/users\/1"}],"replies":[{"embeddable":true,"href":"https:\/\/portalbacana.com.br\/index.php\/wp-json\/wp\/v2\/comments?post=234584"}],"version-history":[{"count":0,"href":"https:\/\/portalbacana.com.br\/index.php\/wp-json\/wp\/v2\/posts\/234584\/revisions"}],"wp:featuredmedia":[{"embeddable":true,"href":"https:\/\/portalbacana.com.br\/index.php\/wp-json\/wp\/v2\/media\/234585"}],"wp:attachment":[{"href":"https:\/\/portalbacana.com.br\/index.php\/wp-json\/wp\/v2\/media?parent=234584"}],"wp:term":[{"taxonomy":"category","embeddable":true,"href":"https:\/\/portalbacana.com.br\/index.php\/wp-json\/wp\/v2\/categories?post=234584"},{"taxonomy":"post_tag","embeddable":true,"href":"https:\/\/portalbacana.com.br\/index.php\/wp-json\/wp\/v2\/tags?post=234584"}],"curies":[{"name":"wp","href":"https:\/\/api.w.org\/{rel}","templated":true}]}}