
{"id":234195,"date":"2024-01-15T15:51:14","date_gmt":"2024-01-15T18:51:14","guid":{"rendered":"https:\/\/portalbacana.com.br\/index.php\/2024\/01\/15\/rubens-magno-parabeniza-belem\/"},"modified":"2024-01-15T15:51:14","modified_gmt":"2024-01-15T18:51:14","slug":"rubens-magno-parabeniza-belem","status":"publish","type":"post","link":"https:\/\/portalbacana.com.br\/index.php\/2024\/01\/15\/rubens-magno-parabeniza-belem\/","title":{"rendered":"Rubens Magno parabeniza Bel\u00e9m"},"content":{"rendered":"\n<p>O diretor superintendente do Sebrae Par\u00e1, Rubens Magno, participou da festa em comemora\u00e7\u00e3o ao anivers\u00e1rio de Bel\u00e9m. \u201cParab\u00e9ns, Bel\u00e9m! Obrigado por essa festa linda, governador&nbsp;<a href=\"https:\/\/www.instagram.com\/helderbarbalho\/\">@helderbarbalho<\/a>, e governadora&nbsp;<a href=\"https:\/\/www.instagram.com\/hanaghassan\/\">@hanaghassan<\/a>\u201d.<\/p>\n\n\n\n<p>Foto: divulga\u00e7\u00e3o<\/p>\n","protected":false},"excerpt":{"rendered":"<p>O diretor superintendente do Sebrae Par\u00e1, Rubens Magno, participou da festa em comemora\u00e7\u00e3o ao anivers\u00e1rio de Bel\u00e9m. \u201cParab\u00e9ns, Bel\u00e9m! Obrigado por essa festa linda, governador&nbsp;@helderbarbalho, e governadora&nbsp;@hanaghassan\u201d. Foto: divulga\u00e7\u00e3o<\/p>\n","protected":false},"author":1,"featured_media":234196,"comment_status":"closed","ping_status":"closed","sticky":false,"template":"","format":"standard","meta":{"footnotes":""},"categories":[31],"tags":[1224],"_links":{"self":[{"href":"https:\/\/portalbacana.com.br\/index.php\/wp-json\/wp\/v2\/posts\/234195"}],"collection":[{"href":"https:\/\/portalbacana.com.br\/index.php\/wp-json\/wp\/v2\/posts"}],"about":[{"href":"https:\/\/portalbacana.com.br\/index.php\/wp-json\/wp\/v2\/types\/post"}],"author":[{"embeddable":true,"href":"https:\/\/portalbacana.com.br\/index.php\/wp-json\/wp\/v2\/users\/1"}],"replies":[{"embeddable":true,"href":"https:\/\/portalbacana.com.br\/index.php\/wp-json\/wp\/v2\/comments?post=234195"}],"version-history":[{"count":0,"href":"https:\/\/portalbacana.com.br\/index.php\/wp-json\/wp\/v2\/posts\/234195\/revisions"}],"wp:featuredmedia":[{"embeddable":true,"href":"https:\/\/portalbacana.com.br\/index.php\/wp-json\/wp\/v2\/media\/234196"}],"wp:attachment":[{"href":"https:\/\/portalbacana.com.br\/index.php\/wp-json\/wp\/v2\/media?parent=234195"}],"wp:term":[{"taxonomy":"category","embeddable":true,"href":"https:\/\/portalbacana.com.br\/index.php\/wp-json\/wp\/v2\/categories?post=234195"},{"taxonomy":"post_tag","embeddable":true,"href":"https:\/\/portalbacana.com.br\/index.php\/wp-json\/wp\/v2\/tags?post=234195"}],"curies":[{"name":"wp","href":"https:\/\/api.w.org\/{rel}","templated":true}]}}