
{"id":225360,"date":"2024-01-25T19:12:00","date_gmt":"2024-01-25T22:12:00","guid":{"rendered":"https:\/\/bacananews.com.br\/?p=225360"},"modified":"2024-02-17T22:52:23","modified_gmt":"2024-02-18T01:52:23","slug":"prefeitura-de-belem-recuperou-mais-de-50-mil-metros-quadrados-de-calcadas-publicas-desde-2021","status":"publish","type":"post","link":"https:\/\/portalbacana.com.br\/index.php\/2024\/01\/25\/prefeitura-de-belem-recuperou-mais-de-50-mil-metros-quadrados-de-calcadas-publicas-desde-2021\/","title":{"rendered":"Prefeitura de Bel\u00e9m recuperou mais de 50 mil metros quadrados de cal\u00e7adas p\u00fablicas desde 2021"},"content":{"rendered":"\n<p>Foto: Ascom\/Seurb<\/p>\n\n\n\n<p>A&nbsp;Prefeitura de Bel\u00e9m, por meio da Secretaria Municipal de Urbanismo (Seurb), j\u00e1 executou a constru\u00e7\u00e3o, manuten\u00e7\u00e3o, recupera\u00e7\u00e3o e revitaliza\u00e7\u00e3o de mais de 50 mil metros quadrados de cal\u00e7adas p\u00fablicas em Bel\u00e9m, desde o in\u00edcio da atual gest\u00e3o, em 2021.<\/p>\n\n\n\n<p>Cal\u00e7adas de avenidas, pra\u00e7as e logradouros fazem parte de uma grande opera\u00e7\u00e3o para o melhoramento do ir e vir da popula\u00e7\u00e3o. Isso \u00e9 sentido pelo moradores da cidade,&nbsp;como a aposentada Marina Soares, moradora da Sacramenta. Ela&nbsp;conta&nbsp;que antigamente as cal\u00e7adas n\u00e3o tinham sinaliza\u00e7\u00e3o e at\u00e9 provocavam acidentes.&nbsp;&#8220;Mas agora vejo tudo muito certinho. Fico muito feliz e segura de andar por aqui agora\u201d.<\/p>\n\n\n\n<p><strong>Cal\u00e7adas de Bel\u00e9m<\/strong><\/p>\n\n\n\n<p>Os mais de 50 mil metros quadrados de cal\u00e7adas, que foram revitalizados, envolvem muito mais do que pequenos consertos, uma vez que a opera\u00e7\u00e3o faz&nbsp;a constru\u00e7\u00e3o de cal\u00e7adas totalmente acess\u00edveis e a instala\u00e7\u00e3o de faixas verdes, como um meio de trazer mais vegeta\u00e7\u00e3o para os espa\u00e7os p\u00fablicos.<\/p>\n\n\n\n<p>Essas novas cal\u00e7adas est\u00e3o por todos os cantos de Bel\u00e9m, como nas avenidas Marqu\u00eas de Herval, Senador Lemos, Pedro \u00c1lvares Cabral, Doutor Freitas, R\u00f4mulo Maiorana, assim como tamb\u00e9m fazem parte de espa\u00e7os tur\u00edsticos e mudam o dia a dia dos locais, com mais passeios, lazer e ainda pr\u00e1tica de exerc\u00edcios f\u00edsicos, como no Boulevard da Gastronomia, Portal da Amaz\u00f4nia, no entorno do Instituto Federal do Par\u00e1 (IFPA), em pra\u00e7as na Marambaia, Marex, Val-de-Cans, Curi\u00f3-Utinga, Cidade Velha, Jurunas e Reduto.<\/p>\n\n\n\n<p>Para Teodorico Almeida, morador da Bernardo Say\u00e3o h\u00e1 mais de 50 anos, a cal\u00e7ada trouxe diversos benef\u00edcios para todos que passam diariamente pelo local. \u201cComparado ao que era antes, j\u00e1 vivemos muitas melhorias aqui na nossa \u00e1rea. Tudo que vem pra melhorar \u00e9 bom, ent\u00e3o essa cal\u00e7ada \u00e9 um progresso&nbsp;<em>pra<\/em>&nbsp;gente\u201d, completou.<\/p>\n\n\n\n<p><strong>Pedra portuguesa<\/strong><\/p>\n\n\n\n<p>Como forma de conservar a hist\u00f3ria de Bel\u00e9m, diversas cal\u00e7adas, principalmente nos bairros Campina e Cidade Velha, s\u00e3o de pedra portuguesa.&nbsp;Dessa forma, o servi\u00e7o de manuten\u00e7\u00e3o desse cal\u00e7amento \u00e9 feito em diversos per\u00edodos do ano, assim como devem seguir uma regulamenta\u00e7\u00e3o de cal\u00e7adas tombadas, designada pelo Instituto do Patrim\u00f4nio Hist\u00f3rico e Art\u00edstico Nacional (Iphan).<\/p>\n\n\n\n<p>\u201cCom o grande volume de chuva e o grande fluxo de pessoas, as cal\u00e7adas de pedra portuguesa precisam de uma aten\u00e7\u00e3o maior no momento da manuten\u00e7\u00e3o, assim como precisam de manuten\u00e7\u00e3o regular, para que seja preservado o cal\u00e7amento\u201d, explica a arquiteta do Departamento de Obras Civis (Deoc) da Seurb, M\u00e1rcia Gomes.<\/p>\n\n\n\n<p>De acordo com o&nbsp;secret\u00e1rio municipal de Urbanismo,&nbsp;Deivison Alves, muitas pessoas falam em reformar essas cal\u00e7adas com concreto, mas como s\u00e3o tombadas pelo Iphan, \u00e9&nbsp;necess\u00e1rio&nbsp;seguir uma orienta\u00e7\u00e3o do \u00f3rg\u00e3o para essa manuten\u00e7\u00e3o. &#8220;Dessa forma, o servi\u00e7o do cal\u00e7amento de pedra portuguesa \u00e9 mais detalhado e manual, com os oper\u00e1rios seguindo o passo a passo da revitaliza\u00e7\u00e3o, de acordo com as normas exigidas pelo Instituto&#8221;, esclarece o secret\u00e1rio.<\/p>\n\n\n\n<p>Exemplos dessas cal\u00e7adas est\u00e3o no entorno do Pal\u00e1cio Ant\u00f4nio Lemos, nas pra\u00e7as Batista Campos,&nbsp;da Rep\u00fablica, Felipe Patroni e Dom Pedro II, assim como nas avenidas Nazar\u00e9 e Presidente Vargas e nas imedia\u00e7\u00f5es do Bosque Rodrigues Alves e Museu Emilio Goeldi.<\/p>\n\n\n\n<p><strong>Pr\u00f3ximos passos<\/strong><\/p>\n\n\n\n<p>De acordo com a arquiteta do Deoc, o cronograma segue avan\u00e7ando.&nbsp;&nbsp;\u201cUma equipe acabou de revitalizar a cal\u00e7ada que fica no entorno do Bosque e outra equipe j\u00e1 iniciou a manuten\u00e7\u00e3o da cal\u00e7ada do Museu\u201d, disse.<\/p>\n\n\n\n<p>O secret\u00e1rio Deivison Alves informou quem desde o in\u00edcio da gest\u00e3o o trabalho n\u00e3o para. \u201cEstamos com equipes diariamente nas ruas fazendo, desde pequenas manuten\u00e7\u00f5es&nbsp;at\u00e9 grandes reformas nas cal\u00e7adas da cidade. Nosso principal objetivo \u00e9 continuar avan\u00e7ando e levar esses servi\u00e7os para o m\u00e1ximo de ruas e avenidas e beneficiar toda a nossa popula\u00e7\u00e3o\u201d, finalizou.<\/p>\n\n\n\n<p><strong>Padr\u00e3o adequado<\/strong><\/p>\n\n\n\n<p>Para casos onde a pr\u00f3pria popula\u00e7\u00e3o deseja reformar ou construir cal\u00e7adas, a Seurb aconselha adequ\u00e1-la aos padr\u00f5es a fim de evitar futuros transtornos. Al\u00e9m de avaliar os projetos que devem ser apresentados para esse tipo de constru\u00e7\u00e3o, o N\u00facleo Setorial de C\u00f3digo de Posturas (NSCP) estabelece o padr\u00e3o adequado de cal\u00e7adas em rela\u00e7\u00e3o a v\u00e1rios aspectos, como eleva\u00e7\u00e3o, inclina\u00e7\u00e3o, revestimento, nivelamento e alinhamento, assim como obstru\u00e7\u00f5es.<\/p>\n\n\n\n<p>O secret\u00e1rio municipal de Urbanismo reitera que j\u00e1 existe um cronograma de manuten\u00e7\u00e3o das cal\u00e7adas pronto e sendo executado\u00a0em pontos tur\u00edsticos, ruas, avenidas, pra\u00e7as e canteiros centrais.<\/p>\n\n\n\n<p><a href=\"https:\/\/agenciabelem.com.br\/Noticia\/239634\/prefeitura-de-belem-ja-recuperou-mais-de-50-mil-metros-quadrados-de-calcadas-publicas-desde-2021\">Por Ag\u00eancia Bel\u00e9m<\/a><\/p>\n","protected":false},"excerpt":{"rendered":"<p>Foto: Ascom\/Seurb A&nbsp;Prefeitura de Bel\u00e9m, por meio da Secretaria Municipal de Urbanismo (Seurb), j\u00e1 executou a constru\u00e7\u00e3o, manuten\u00e7\u00e3o, recupera\u00e7\u00e3o e revitaliza\u00e7\u00e3o de mais de 50 mil metros quadrados de cal\u00e7adas p\u00fablicas em Bel\u00e9m, desde o in\u00edcio da atual gest\u00e3o, em 2021. Cal\u00e7adas de avenidas, pra\u00e7as e logradouros fazem parte de uma grande opera\u00e7\u00e3o para o [&#8230;]\n","protected":false},"author":1,"featured_media":236464,"comment_status":"closed","ping_status":"closed","sticky":false,"template":"","format":"standard","meta":{"footnotes":""},"categories":[3,4],"tags":[],"_links":{"self":[{"href":"https:\/\/portalbacana.com.br\/index.php\/wp-json\/wp\/v2\/posts\/225360"}],"collection":[{"href":"https:\/\/portalbacana.com.br\/index.php\/wp-json\/wp\/v2\/posts"}],"about":[{"href":"https:\/\/portalbacana.com.br\/index.php\/wp-json\/wp\/v2\/types\/post"}],"author":[{"embeddable":true,"href":"https:\/\/portalbacana.com.br\/index.php\/wp-json\/wp\/v2\/users\/1"}],"replies":[{"embeddable":true,"href":"https:\/\/portalbacana.com.br\/index.php\/wp-json\/wp\/v2\/comments?post=225360"}],"version-history":[{"count":1,"href":"https:\/\/portalbacana.com.br\/index.php\/wp-json\/wp\/v2\/posts\/225360\/revisions"}],"predecessor-version":[{"id":236463,"href":"https:\/\/portalbacana.com.br\/index.php\/wp-json\/wp\/v2\/posts\/225360\/revisions\/236463"}],"wp:featuredmedia":[{"embeddable":true,"href":"https:\/\/portalbacana.com.br\/index.php\/wp-json\/wp\/v2\/media\/236464"}],"wp:attachment":[{"href":"https:\/\/portalbacana.com.br\/index.php\/wp-json\/wp\/v2\/media?parent=225360"}],"wp:term":[{"taxonomy":"category","embeddable":true,"href":"https:\/\/portalbacana.com.br\/index.php\/wp-json\/wp\/v2\/categories?post=225360"},{"taxonomy":"post_tag","embeddable":true,"href":"https:\/\/portalbacana.com.br\/index.php\/wp-json\/wp\/v2\/tags?post=225360"}],"curies":[{"name":"wp","href":"https:\/\/api.w.org\/{rel}","templated":true}]}}