
{"id":225301,"date":"2024-01-25T22:11:40","date_gmt":"2024-01-26T01:11:40","guid":{"rendered":"https:\/\/bacananews.com.br\/?p=225301"},"modified":"2024-02-17T22:46:03","modified_gmt":"2024-02-18T01:46:03","slug":"montadoras-de-automoveis-anunciam-r-10-bi-de-investimentos-no-brasil","status":"publish","type":"post","link":"https:\/\/portalbacana.com.br\/index.php\/2024\/01\/25\/montadoras-de-automoveis-anunciam-r-10-bi-de-investimentos-no-brasil\/","title":{"rendered":"Montadoras de autom\u00f3veis anunciam R$ 10 bi de investimentos no Brasil"},"content":{"rendered":"\n<p>Foto: Ricardo Stuckert\/PR<\/p>\n\n\n\n<p>O presidente Luiz In\u00e1cio Lula da Silva recebeu nesta quarta-feira (24), em Bras\u00edlia, representantes de duas multinacionais fabricantes de autom\u00f3veis. Ambas anunciaram investimentos que chegam a R$ 10 bilh\u00f5es nos pr\u00f3ximos anos.<img decoding=\"async\" src=\"https:\/\/portalbacana.com.br\/wp-content\/uploads\/2024\/02\/ebc.png\"><img decoding=\"async\" src=\"https:\/\/portalbacana.com.br\/wp-content\/uploads\/2024\/02\/ebc.png\"><\/p>\n\n\n\n<p>No primeiro encontro, no Pal\u00e1cio da Alvorada, resid\u00eancia oficial, Lula recebeu representantes da companhia chinesa BYD, que produz carros el\u00e9tricos. A empresa assumiu a planta industrial da Ford em Cama\u00e7ari, na Bahia, onde pretende investir R$ 3 bilh\u00f5es nos pr\u00f3ximos anos. \u00c9 a primeira f\u00e1brica da gigante asi\u00e1tica nas Am\u00e9ricas. Na ocasi\u00e3o, o presidente recebeu um carro el\u00e9trico da empresa para uso pela Presid\u00eancia da Rep\u00fablica, em regime de comodato (empr\u00e9stimo gratuito).<\/p>\n\n\n\n<p>\u201cEstima-se que ser\u00e3o mais de 10 mil postos de trabalho criados e R$ 3 bilh\u00f5es de investimentos, fomentando a economia local e contribuindo para uma maior produ\u00e7\u00e3o de ve\u00edculos sustent\u00e1veis a partir de energia limpa. O Brasil com mais investimentos construindo o futuro\u201d, destacou Lula em postagem nas redes sociais para divulgar o encontro.<\/p>\n\n\n\n<p>Mais tarde, no Pal\u00e1cio do Planalto, o presidente se encontrou com o presidente da General Motors International, Shilpan Amin, e o presidente da empresa para a Am\u00e9rica do Sul, Santiago Chamorro. Os executivos anunciaram um plano de investimentos da empresa no Brasil, no valor de R$ 7 bilh\u00f5es at\u00e9 2028. A GM \u00e9 propriet\u00e1ria da marca Chevrolet, como \u00e9 chamada no Brasil.<\/p>\n\n\n\n<p>\u201cEsses investimentos v\u00eam em boa hora, com a retomada do crescimento econ\u00f4mico brasileiro com programas como Novo PAC e a Nova Pol\u00edtica Industrial. Reindustrializa\u00e7\u00e3o e compromisso com o desenvolvimento sustent\u00e1vel\u201d, escreveu o presidente nas redes sociais.<\/p>\n\n\n\n<p><a href=\"https:\/\/agenciabrasil.ebc.com.br\/economia\/noticia\/2024-01\/montadoras-de-automoveis-anunciam-r-10-bi-de-investimentos-no-brasil\">Por Ag\u00eancia Brasil<\/a><\/p>\n","protected":false},"excerpt":{"rendered":"<p>Foto: Ricardo Stuckert\/PR O presidente Luiz In\u00e1cio Lula da Silva recebeu nesta quarta-feira (24), em Bras\u00edlia, representantes de duas multinacionais fabricantes de autom\u00f3veis. Ambas anunciaram investimentos que chegam a R$ 10 bilh\u00f5es nos pr\u00f3ximos anos. No primeiro encontro, no Pal\u00e1cio da Alvorada, resid\u00eancia oficial, Lula recebeu representantes da companhia chinesa BYD, que produz carros el\u00e9tricos. [&#8230;]\n","protected":false},"author":1,"featured_media":236415,"comment_status":"closed","ping_status":"closed","sticky":false,"template":"","format":"standard","meta":{"footnotes":""},"categories":[30],"tags":[],"_links":{"self":[{"href":"https:\/\/portalbacana.com.br\/index.php\/wp-json\/wp\/v2\/posts\/225301"}],"collection":[{"href":"https:\/\/portalbacana.com.br\/index.php\/wp-json\/wp\/v2\/posts"}],"about":[{"href":"https:\/\/portalbacana.com.br\/index.php\/wp-json\/wp\/v2\/types\/post"}],"author":[{"embeddable":true,"href":"https:\/\/portalbacana.com.br\/index.php\/wp-json\/wp\/v2\/users\/1"}],"replies":[{"embeddable":true,"href":"https:\/\/portalbacana.com.br\/index.php\/wp-json\/wp\/v2\/comments?post=225301"}],"version-history":[{"count":1,"href":"https:\/\/portalbacana.com.br\/index.php\/wp-json\/wp\/v2\/posts\/225301\/revisions"}],"predecessor-version":[{"id":236414,"href":"https:\/\/portalbacana.com.br\/index.php\/wp-json\/wp\/v2\/posts\/225301\/revisions\/236414"}],"wp:featuredmedia":[{"embeddable":true,"href":"https:\/\/portalbacana.com.br\/index.php\/wp-json\/wp\/v2\/media\/236415"}],"wp:attachment":[{"href":"https:\/\/portalbacana.com.br\/index.php\/wp-json\/wp\/v2\/media?parent=225301"}],"wp:term":[{"taxonomy":"category","embeddable":true,"href":"https:\/\/portalbacana.com.br\/index.php\/wp-json\/wp\/v2\/categories?post=225301"},{"taxonomy":"post_tag","embeddable":true,"href":"https:\/\/portalbacana.com.br\/index.php\/wp-json\/wp\/v2\/tags?post=225301"}],"curies":[{"name":"wp","href":"https:\/\/api.w.org\/{rel}","templated":true}]}}