
{"id":224229,"date":"2024-01-18T12:53:22","date_gmt":"2024-01-18T15:53:22","guid":{"rendered":"https:\/\/bacananews.com.br\/?p=224229"},"modified":"2024-02-17T21:35:57","modified_gmt":"2024-02-18T00:35:57","slug":"comecam-nesta-sexta-feira-inscricoes-para-o-concurso-unificado","status":"publish","type":"post","link":"https:\/\/portalbacana.com.br\/index.php\/2024\/01\/18\/comecam-nesta-sexta-feira-inscricoes-para-o-concurso-unificado\/","title":{"rendered":"Come\u00e7am nesta sexta-feira inscri\u00e7\u00f5es para o concurso unificado"},"content":{"rendered":"\n<p>Foto: Rovena Rosa\/Ag\u00eancia Brasil<\/p>\n\n\n\n<p>Come\u00e7am nesta sexta-feira (19) as inscri\u00e7\u00f5es para o Concurso P\u00fablico Nacional Unificado. O certame vai selecionar, de uma s\u00f3 vez, 6.640 servidores para 21 \u00f3rg\u00e3os p\u00fablicos federais.&nbsp;<img decoding=\"async\" src=\"https:\/\/portalbacana.com.br\/wp-content\/uploads\/2024\/02\/ebc.png\"><img decoding=\"async\" src=\"https:\/\/portalbacana.com.br\/wp-content\/uploads\/2024\/02\/ebc.png\"><\/p>\n\n\n\n<p>No ato&nbsp; da inscri\u00e7\u00e3o, feita exclusivamente pelo aplicativo Gov.br, ser\u00e1 gerada uma Guia de Recolhimento da Uni\u00e3o (GRU), \u00fanico mecanismo de pagamento que valer\u00e1 para o concurso. O prazo segue at\u00e9 9 de fevereiro.&nbsp;<\/p>\n\n\n\n<p>As provas ser\u00e3o aplicadas no dia 5 de maio em 220 cidades, distribu\u00eddas em todos os estados e no Distrito Federal. A taxa de inscri\u00e7\u00e3o ser\u00e1 R$ 60 para vagas de n\u00edvel m\u00e9dio e R$ 90 para vagas de n\u00edvel superior.&nbsp;<\/p>\n\n\n\n<p>Est\u00e3o isentos candidatos que integram o Cadastro \u00danico para Programas Sociais (Cad\u00danico) e que cursam ou cursaram faculdade com apoio do Fundo de Financiamento ao Estudante do Ensino Superior (Fies) ou do Programa Universidade para Todos (ProUni), assim como doadores de medula \u00f3ssea.<\/p>\n\n\n\n<figure class=\"wp-block-image size-full\"><img decoding=\"async\" src=\"https:\/\/portalbacana.com.br\/wp-content\/uploads\/2024\/01\/enem_concurso4.webp\" alt=\"\" class=\"wp-image-224230\"\/><figcaption><br>Arte Enem dos concursos isen\u00e7\u00e3o de taxa. Arte: Ag\u00eancia Brasil<\/figcaption><\/figure>\n\n\n\n<p>O Minist\u00e9rio da Gest\u00e3o e da Inova\u00e7\u00e3o em Servi\u00e7os P\u00fablicos, respons\u00e1vel pela condu\u00e7\u00e3o do concurso, recomenda leitura cuidadosa dos editais, \u201cpotencializando as trajet\u00f3rias profissionais e acad\u00eamicas dos candidatos\u201c.<\/p>\n\n\n\n<p>Em nota, a pasta destacou que a proposta \u00e9 democratizar o acesso aos quadros federais e permitir que candidatos alinhem suas voca\u00e7\u00f5es \u00e0s oportunidades oferecidas.<\/p>\n\n\n\n<p>Um dos destaques do certame \u00e9 a possibilidade de utilizar as listas de classifica\u00e7\u00e3o tamb\u00e9m para a ocupa\u00e7\u00e3o de vagas em cargos tempor\u00e1rios, sendo que, se o candidato aceitar um cargo tempor\u00e1rio, continuar\u00e1 na lista de espera dos outros cargos. O concurso ter\u00e1 validade de 12 meses, podendo ser prorrogado por mais 12 meses.<\/p>\n\n\n\n<p>\u201cPessoas aprovadas para cargos que, porventura, n\u00e3o sejam o da primeira op\u00e7\u00e3o selecionada no momento da inscri\u00e7\u00e3o, continuar\u00e3o em lista de espera para o principal posto desejado\u201d, refor\u00e7ou o minist\u00e9rio.<\/p>\n\n\n\n<figure class=\"wp-block-image size-full\"><img decoding=\"async\" src=\"https:\/\/portalbacana.com.br\/wp-content\/uploads\/2024\/01\/enem_concurso2_copy-1.jpg\" alt=\"\" class=\"wp-image-224231\"\/><figcaption>Arte Enem dos Concursos. Reserva de Vagas e Cronograma. Foto: Arte\/EBC<\/figcaption><\/figure>\n\n\n\n<p><a href=\"https:\/\/agenciabrasil.ebc.com.br\/geral\/noticia\/2024-01\/comecam-nesta-sexta-feira-inscricoes-para-o-concurso-unificado\">Por Ag\u00eancia Brasil<\/a><\/p>\n","protected":false},"excerpt":{"rendered":"<p>Foto: Rovena Rosa\/Ag\u00eancia Brasil Come\u00e7am nesta sexta-feira (19) as inscri\u00e7\u00f5es para o Concurso P\u00fablico Nacional Unificado. O certame vai selecionar, de uma s\u00f3 vez, 6.640 servidores para 21 \u00f3rg\u00e3os p\u00fablicos federais.&nbsp; No ato&nbsp; da inscri\u00e7\u00e3o, feita exclusivamente pelo aplicativo Gov.br, ser\u00e1 gerada uma Guia de Recolhimento da Uni\u00e3o (GRU), \u00fanico mecanismo de pagamento que valer\u00e1 [&#8230;]\n","protected":false},"author":1,"featured_media":234774,"comment_status":"closed","ping_status":"closed","sticky":false,"template":"","format":"standard","meta":{"footnotes":""},"categories":[28],"tags":[],"_links":{"self":[{"href":"https:\/\/portalbacana.com.br\/index.php\/wp-json\/wp\/v2\/posts\/224229"}],"collection":[{"href":"https:\/\/portalbacana.com.br\/index.php\/wp-json\/wp\/v2\/posts"}],"about":[{"href":"https:\/\/portalbacana.com.br\/index.php\/wp-json\/wp\/v2\/types\/post"}],"author":[{"embeddable":true,"href":"https:\/\/portalbacana.com.br\/index.php\/wp-json\/wp\/v2\/users\/1"}],"replies":[{"embeddable":true,"href":"https:\/\/portalbacana.com.br\/index.php\/wp-json\/wp\/v2\/comments?post=224229"}],"version-history":[{"count":1,"href":"https:\/\/portalbacana.com.br\/index.php\/wp-json\/wp\/v2\/posts\/224229\/revisions"}],"predecessor-version":[{"id":234773,"href":"https:\/\/portalbacana.com.br\/index.php\/wp-json\/wp\/v2\/posts\/224229\/revisions\/234773"}],"wp:featuredmedia":[{"embeddable":true,"href":"https:\/\/portalbacana.com.br\/index.php\/wp-json\/wp\/v2\/media\/234774"}],"wp:attachment":[{"href":"https:\/\/portalbacana.com.br\/index.php\/wp-json\/wp\/v2\/media?parent=224229"}],"wp:term":[{"taxonomy":"category","embeddable":true,"href":"https:\/\/portalbacana.com.br\/index.php\/wp-json\/wp\/v2\/categories?post=224229"},{"taxonomy":"post_tag","embeddable":true,"href":"https:\/\/portalbacana.com.br\/index.php\/wp-json\/wp\/v2\/tags?post=224229"}],"curies":[{"name":"wp","href":"https:\/\/api.w.org\/{rel}","templated":true}]}}